{"id":51266,"date":"2026-09-03T10:08:58","date_gmt":"2026-09-03T13:08:58","guid":{"rendered":"https:\/\/fmdelpueblo.ar\/?p=51266"},"modified":"2026-09-03T10:08:58","modified_gmt":"2026-09-03T13:08:58","slug":"clima-en-buenos-aires-hoy-se-van-las-lluvias-pero-el-fin-de-semana-llega-un-frente-de-frio-antartico","status":"publish","type":"post","link":"https:\/\/fmdelpueblo.ar\/?p=51266","title":{"rendered":"Clima en Buenos Aires hoy: se van las lluvias pero el fin de semana llega un frente de fr\u00edo ant\u00e1rtico"},"content":{"rendered":"<p>El calor del mi\u00e9rcoles se desvanece y las temperaturas vuelven a ser invernales.Hay alerta amarilla en el norte bonaerense y el sur de Santa Fe.<\/p>","protected":false},"excerpt":{"rendered":"<p>El calor del mi\u00e9rcoles se desvanece y las temperaturas vuelven a ser invernales.Hay alerta amarilla en el norte bonaerense y el sur de Santa Fe.<\/p>\n","protected":false},"author":0,"featured_media":0,"comment_status":"","ping_status":"","sticky":false,"template":"","format":"standard","meta":{"footnotes":""},"categories":[1],"tags":[],"class_list":["post-51266","post","type-post","status-publish","format-standard","has-post-thumbnail","hentry","category-sin-categoria"],"_links":{"self":[{"href":"https:\/\/fmdelpueblo.ar\/index.php?rest_route=\/wp\/v2\/posts\/51266","targetHints":{"allow":["GET"]}}],"collection":[{"href":"https:\/\/fmdelpueblo.ar\/index.php?rest_route=\/wp\/v2\/posts"}],"about":[{"href":"https:\/\/fmdelpueblo.ar\/index.php?rest_route=\/wp\/v2\/types\/post"}],"replies":[{"embeddable":true,"href":"https:\/\/fmdelpueblo.ar\/index.php?rest_route=%2Fwp%2Fv2%2Fcomments&post=51266"}],"version-history":[{"count":0,"href":"https:\/\/fmdelpueblo.ar\/index.php?rest_route=\/wp\/v2\/posts\/51266\/revisions"}],"wp:attachment":[{"href":"https:\/\/fmdelpueblo.ar\/index.php?rest_route=%2Fwp%2Fv2%2Fmedia&parent=51266"}],"wp:term":[{"taxonomy":"category","embeddable":true,"href":"https:\/\/fmdelpueblo.ar\/index.php?rest_route=%2Fwp%2Fv2%2Fcategories&post=51266"},{"taxonomy":"post_tag","embeddable":true,"href":"https:\/\/fmdelpueblo.ar\/index.php?rest_route=%2Fwp%2Fv2%2Ftags&post=51266"}],"curies":[{"name":"wp","href":"https:\/\/api.w.org\/{rel}","templated":true}]}}