{"id":51264,"date":"2026-09-03T10:08:57","date_gmt":"2026-09-03T13:08:57","guid":{"rendered":"https:\/\/fmdelpueblo.ar\/?p=51264"},"modified":"2026-09-03T10:08:57","modified_gmt":"2026-09-03T13:08:57","slug":"estos-generales-lucharon-por-israel-ahora-ven-el-terrorismo-judio-como-la-amenaza","status":"publish","type":"post","link":"https:\/\/fmdelpueblo.ar\/?p=51264","title":{"rendered":"Estos generales lucharon por Israel. Ahora ven el \u00abterrorismo jud\u00edo\u00bb como la amenaza"},"content":{"rendered":"<p>Un n\u00famero cada vez mayor de antiguos generales, responsables de los servicios de inteligencia y primeros ministros israel\u00edes acusan a los colonos de Cisjordania de llevar a cabo una limpieza \u00e9tnica con el apoyo del Gobierno. \u00abCuando una sociedad se comporta as\u00ed \u2014dijo uno de ellos\u2014, esa sociedad est\u00e1 condenada\u00bb.<\/p>","protected":false},"excerpt":{"rendered":"<p>Un n\u00famero cada vez mayor de antiguos generales, responsables de los servicios de inteligencia y primeros ministros israel\u00edes acusan a los colonos de Cisjordania de llevar a cabo una limpieza \u00e9tnica con el apoyo del Gobierno. \u00abCuando una sociedad se comporta as\u00ed \u2014dijo uno de ellos\u2014, esa sociedad est\u00e1 condenada\u00bb.<\/p>\n","protected":false},"author":0,"featured_media":0,"comment_status":"","ping_status":"","sticky":false,"template":"","format":"standard","meta":{"footnotes":""},"categories":[1],"tags":[],"class_list":["post-51264","post","type-post","status-publish","format-standard","has-post-thumbnail","hentry","category-sin-categoria"],"_links":{"self":[{"href":"https:\/\/fmdelpueblo.ar\/index.php?rest_route=\/wp\/v2\/posts\/51264","targetHints":{"allow":["GET"]}}],"collection":[{"href":"https:\/\/fmdelpueblo.ar\/index.php?rest_route=\/wp\/v2\/posts"}],"about":[{"href":"https:\/\/fmdelpueblo.ar\/index.php?rest_route=\/wp\/v2\/types\/post"}],"replies":[{"embeddable":true,"href":"https:\/\/fmdelpueblo.ar\/index.php?rest_route=%2Fwp%2Fv2%2Fcomments&post=51264"}],"version-history":[{"count":0,"href":"https:\/\/fmdelpueblo.ar\/index.php?rest_route=\/wp\/v2\/posts\/51264\/revisions"}],"wp:attachment":[{"href":"https:\/\/fmdelpueblo.ar\/index.php?rest_route=%2Fwp%2Fv2%2Fmedia&parent=51264"}],"wp:term":[{"taxonomy":"category","embeddable":true,"href":"https:\/\/fmdelpueblo.ar\/index.php?rest_route=%2Fwp%2Fv2%2Fcategories&post=51264"},{"taxonomy":"post_tag","embeddable":true,"href":"https:\/\/fmdelpueblo.ar\/index.php?rest_route=%2Fwp%2Fv2%2Ftags&post=51264"}],"curies":[{"name":"wp","href":"https:\/\/api.w.org\/{rel}","templated":true}]}}