{"id":51263,"date":"2026-09-03T10:08:56","date_gmt":"2026-09-03T13:08:56","guid":{"rendered":"https:\/\/fmdelpueblo.ar\/?p=51263"},"modified":"2026-09-03T10:08:56","modified_gmt":"2026-09-03T13:08:56","slug":"la-poderosa-iglesia-catolica-de-alemania-insiste-con-las-grandes-reformas-y-pone-a-prueba-al-papa-leon-xiv","status":"publish","type":"post","link":"https:\/\/fmdelpueblo.ar\/?p=51263","title":{"rendered":"La poderosa Iglesia Cat\u00f3lica de Alemania insiste con las grandes reformas y pone a prueba al Papa Le\u00f3n XIV"},"content":{"rendered":"<p>Los obispos alemanes reclaman una mayor participaci\u00f3n de mujeres y laicos en los espacios de decisi\u00f3n.Tambi\u00e9n piden desde hace a\u00f1os m\u00e1s apertura sobre temas como el celibato sacerdotal y temas de moral sexual. Un inmenso desaf\u00edo para el pont\u00edfice, que como su antecesor debe mediar entre el ala reformista y la m\u00e1s conservadora.<\/p>","protected":false},"excerpt":{"rendered":"<p>Los obispos alemanes reclaman una mayor participaci\u00f3n de mujeres y laicos en los espacios de decisi\u00f3n.Tambi\u00e9n piden desde hace a\u00f1os m\u00e1s apertura sobre temas como el celibato sacerdotal y temas de moral sexual. Un inmenso desaf\u00edo para el pont\u00edfice, que como su antecesor debe mediar entre el ala reformista y la m\u00e1s conservadora.<\/p>\n","protected":false},"author":0,"featured_media":0,"comment_status":"","ping_status":"","sticky":false,"template":"","format":"standard","meta":{"footnotes":""},"categories":[1],"tags":[],"class_list":["post-51263","post","type-post","status-publish","format-standard","has-post-thumbnail","hentry","category-sin-categoria"],"_links":{"self":[{"href":"https:\/\/fmdelpueblo.ar\/index.php?rest_route=\/wp\/v2\/posts\/51263","targetHints":{"allow":["GET"]}}],"collection":[{"href":"https:\/\/fmdelpueblo.ar\/index.php?rest_route=\/wp\/v2\/posts"}],"about":[{"href":"https:\/\/fmdelpueblo.ar\/index.php?rest_route=\/wp\/v2\/types\/post"}],"replies":[{"embeddable":true,"href":"https:\/\/fmdelpueblo.ar\/index.php?rest_route=%2Fwp%2Fv2%2Fcomments&post=51263"}],"version-history":[{"count":0,"href":"https:\/\/fmdelpueblo.ar\/index.php?rest_route=\/wp\/v2\/posts\/51263\/revisions"}],"wp:attachment":[{"href":"https:\/\/fmdelpueblo.ar\/index.php?rest_route=%2Fwp%2Fv2%2Fmedia&parent=51263"}],"wp:term":[{"taxonomy":"category","embeddable":true,"href":"https:\/\/fmdelpueblo.ar\/index.php?rest_route=%2Fwp%2Fv2%2Fcategories&post=51263"},{"taxonomy":"post_tag","embeddable":true,"href":"https:\/\/fmdelpueblo.ar\/index.php?rest_route=%2Fwp%2Fv2%2Ftags&post=51263"}],"curies":[{"name":"wp","href":"https:\/\/api.w.org\/{rel}","templated":true}]}}