{"id":51261,"date":"2026-09-03T09:09:03","date_gmt":"2026-09-03T12:09:03","guid":{"rendered":"https:\/\/fmdelpueblo.ar\/?p=51261"},"modified":"2026-09-03T09:09:03","modified_gmt":"2026-09-03T12:09:03","slug":"horoscopo-de-geminis-para-los-ultimos-meses-de-2026","status":"publish","type":"post","link":"https:\/\/fmdelpueblo.ar\/?p=51261","title":{"rendered":"Hor\u00f3scopo de G\u00e9minis para los \u00faltimos meses de 2026"},"content":{"rendered":"<p>Por qu\u00e9 la innovaci\u00f3n ser\u00e1 una de las claves para G\u00e9minis de cara a 2027.Qu\u00e9 le espera a G\u00e9minis en los \u00faltimos meses del a\u00f1o, seg\u00fan la astr\u00f3loga Lourdes Ferro.<\/p>","protected":false},"excerpt":{"rendered":"<p>Por qu\u00e9 la innovaci\u00f3n ser\u00e1 una de las claves para G\u00e9minis de cara a 2027.Qu\u00e9 le espera a G\u00e9minis en los \u00faltimos meses del a\u00f1o, seg\u00fan la astr\u00f3loga Lourdes Ferro.<\/p>\n","protected":false},"author":0,"featured_media":0,"comment_status":"","ping_status":"","sticky":false,"template":"","format":"standard","meta":{"footnotes":""},"categories":[1],"tags":[],"class_list":["post-51261","post","type-post","status-publish","format-standard","has-post-thumbnail","hentry","category-sin-categoria"],"_links":{"self":[{"href":"https:\/\/fmdelpueblo.ar\/index.php?rest_route=\/wp\/v2\/posts\/51261","targetHints":{"allow":["GET"]}}],"collection":[{"href":"https:\/\/fmdelpueblo.ar\/index.php?rest_route=\/wp\/v2\/posts"}],"about":[{"href":"https:\/\/fmdelpueblo.ar\/index.php?rest_route=\/wp\/v2\/types\/post"}],"replies":[{"embeddable":true,"href":"https:\/\/fmdelpueblo.ar\/index.php?rest_route=%2Fwp%2Fv2%2Fcomments&post=51261"}],"version-history":[{"count":0,"href":"https:\/\/fmdelpueblo.ar\/index.php?rest_route=\/wp\/v2\/posts\/51261\/revisions"}],"wp:attachment":[{"href":"https:\/\/fmdelpueblo.ar\/index.php?rest_route=%2Fwp%2Fv2%2Fmedia&parent=51261"}],"wp:term":[{"taxonomy":"category","embeddable":true,"href":"https:\/\/fmdelpueblo.ar\/index.php?rest_route=%2Fwp%2Fv2%2Fcategories&post=51261"},{"taxonomy":"post_tag","embeddable":true,"href":"https:\/\/fmdelpueblo.ar\/index.php?rest_route=%2Fwp%2Fv2%2Ftags&post=51261"}],"curies":[{"name":"wp","href":"https:\/\/api.w.org\/{rel}","templated":true}]}}