{"id":51256,"date":"2026-09-03T09:08:59","date_gmt":"2026-09-03T12:08:59","guid":{"rendered":"https:\/\/fmdelpueblo.ar\/?p=51256"},"modified":"2026-09-03T09:08:59","modified_gmt":"2026-09-03T12:08:59","slug":"rafael-rodriguez-rapun-homenaje-al-hombre-que-amo-lorca-y-murio-por-la-republica","status":"publish","type":"post","link":"https:\/\/fmdelpueblo.ar\/?p=51256","title":{"rendered":"Rafael Rodr\u00edguez Rap\u00fan: homenaje al hombre que am\u00f3 Lorca y muri\u00f3 por la Rep\u00fablica"},"content":{"rendered":"<p>La figura de Rafael Rodr\u00edguez Rap\u00fan volvi\u00f3 a ser reivindicada en el cementerio de Ciriego, donde descansan sus restos. El ingeniero y actor madrile\u00f1o fue una pieza fundamental de La Barraca y militante socialista. Su muerte ocurri\u00f3 un a\u00f1o despu\u00e9s del asesinato de Federico Garc\u00eda Lorca.<\/p>","protected":false},"excerpt":{"rendered":"<p>La figura de Rafael Rodr\u00edguez Rap\u00fan volvi\u00f3 a ser reivindicada en el cementerio de Ciriego, donde descansan sus restos. El ingeniero y actor madrile\u00f1o fue una pieza fundamental de La Barraca y militante socialista. Su muerte ocurri\u00f3 un a\u00f1o despu\u00e9s del asesinato de Federico Garc\u00eda Lorca.<\/p>\n","protected":false},"author":0,"featured_media":0,"comment_status":"","ping_status":"","sticky":false,"template":"","format":"standard","meta":{"footnotes":""},"categories":[1],"tags":[],"class_list":["post-51256","post","type-post","status-publish","format-standard","has-post-thumbnail","hentry","category-sin-categoria"],"_links":{"self":[{"href":"https:\/\/fmdelpueblo.ar\/index.php?rest_route=\/wp\/v2\/posts\/51256","targetHints":{"allow":["GET"]}}],"collection":[{"href":"https:\/\/fmdelpueblo.ar\/index.php?rest_route=\/wp\/v2\/posts"}],"about":[{"href":"https:\/\/fmdelpueblo.ar\/index.php?rest_route=\/wp\/v2\/types\/post"}],"replies":[{"embeddable":true,"href":"https:\/\/fmdelpueblo.ar\/index.php?rest_route=%2Fwp%2Fv2%2Fcomments&post=51256"}],"version-history":[{"count":0,"href":"https:\/\/fmdelpueblo.ar\/index.php?rest_route=\/wp\/v2\/posts\/51256\/revisions"}],"wp:attachment":[{"href":"https:\/\/fmdelpueblo.ar\/index.php?rest_route=%2Fwp%2Fv2%2Fmedia&parent=51256"}],"wp:term":[{"taxonomy":"category","embeddable":true,"href":"https:\/\/fmdelpueblo.ar\/index.php?rest_route=%2Fwp%2Fv2%2Fcategories&post=51256"},{"taxonomy":"post_tag","embeddable":true,"href":"https:\/\/fmdelpueblo.ar\/index.php?rest_route=%2Fwp%2Fv2%2Ftags&post=51256"}],"curies":[{"name":"wp","href":"https:\/\/api.w.org\/{rel}","templated":true}]}}