{"id":51255,"date":"2026-09-03T09:08:59","date_gmt":"2026-09-03T12:08:59","guid":{"rendered":"https:\/\/fmdelpueblo.ar\/?p=51255"},"modified":"2026-09-03T09:08:59","modified_gmt":"2026-09-03T12:08:59","slug":"uno-de-cada-tres-hombres-de-30-anos-padecen-esta-enfermedad-silenciosa-y-a-los-70-casi-todos","status":"publish","type":"post","link":"https:\/\/fmdelpueblo.ar\/?p=51255","title":{"rendered":"Uno de cada tres hombres de 30 a\u00f1os padecen esta enfermedad silenciosa y a los 70 casi todos"},"content":{"rendered":"<p>Algunas personas pueden desarrollarla durante d\u00e9cadas sin s\u00edntomas antes de causar problemas, y algunas personas quiz\u00e1s nunca presenten s\u00edntomas.Entre los j\u00f3venes de entre 18 y 29 a\u00f1os la enfermedad ya est\u00e1 presente en 1 de cada 13 personas.<\/p>","protected":false},"excerpt":{"rendered":"<p>Algunas personas pueden desarrollarla durante d\u00e9cadas sin s\u00edntomas antes de causar problemas, y algunas personas quiz\u00e1s nunca presenten s\u00edntomas.Entre los j\u00f3venes de entre 18 y 29 a\u00f1os la enfermedad ya est\u00e1 presente en 1 de cada 13 personas.<\/p>\n","protected":false},"author":0,"featured_media":0,"comment_status":"","ping_status":"","sticky":false,"template":"","format":"standard","meta":{"footnotes":""},"categories":[1],"tags":[],"class_list":["post-51255","post","type-post","status-publish","format-standard","has-post-thumbnail","hentry","category-sin-categoria"],"_links":{"self":[{"href":"https:\/\/fmdelpueblo.ar\/index.php?rest_route=\/wp\/v2\/posts\/51255","targetHints":{"allow":["GET"]}}],"collection":[{"href":"https:\/\/fmdelpueblo.ar\/index.php?rest_route=\/wp\/v2\/posts"}],"about":[{"href":"https:\/\/fmdelpueblo.ar\/index.php?rest_route=\/wp\/v2\/types\/post"}],"replies":[{"embeddable":true,"href":"https:\/\/fmdelpueblo.ar\/index.php?rest_route=%2Fwp%2Fv2%2Fcomments&post=51255"}],"version-history":[{"count":0,"href":"https:\/\/fmdelpueblo.ar\/index.php?rest_route=\/wp\/v2\/posts\/51255\/revisions"}],"wp:attachment":[{"href":"https:\/\/fmdelpueblo.ar\/index.php?rest_route=%2Fwp%2Fv2%2Fmedia&parent=51255"}],"wp:term":[{"taxonomy":"category","embeddable":true,"href":"https:\/\/fmdelpueblo.ar\/index.php?rest_route=%2Fwp%2Fv2%2Fcategories&post=51255"},{"taxonomy":"post_tag","embeddable":true,"href":"https:\/\/fmdelpueblo.ar\/index.php?rest_route=%2Fwp%2Fv2%2Ftags&post=51255"}],"curies":[{"name":"wp","href":"https:\/\/api.w.org\/{rel}","templated":true}]}}