{"id":51242,"date":"2026-09-03T07:09:04","date_gmt":"2026-09-03T10:09:04","guid":{"rendered":"http:\/\/fmdelpueblo.ar\/?p=51242"},"modified":"2026-09-03T07:09:04","modified_gmt":"2026-09-03T10:09:04","slug":"los-primeros-amistosos-de-la-seleccion-sin-messi-serian-en-argentina-rivales-a-confirmar-y-que-hara-el-ex-capitan","status":"publish","type":"post","link":"https:\/\/fmdelpueblo.ar\/?p=51242","title":{"rendered":"Los primeros amistosos de la Selecci\u00f3n sin Messi: ser\u00edan en Argentina, rivales a confirmar y qu\u00e9 har\u00e1 el ex capit\u00e1n"},"content":{"rendered":"<p>Ser\u00e1 en la ampliada fecha FIFA, entre el 21 de septiembre y el 6 de octubre.Habr\u00e1 homenajes para la Scaloneta, pero el 10 ya no estar\u00e1.Scaloni har\u00eda una lista \u00abs\u00e1bana\u00bb de convocados para empezar a promover el recambio.<\/p>","protected":false},"excerpt":{"rendered":"<p>Ser\u00e1 en la ampliada fecha FIFA, entre el 21 de septiembre y el 6 de octubre.Habr\u00e1 homenajes para la Scaloneta, pero el 10 ya no estar\u00e1.Scaloni har\u00eda una lista \u00abs\u00e1bana\u00bb de convocados para empezar a promover el recambio.<\/p>\n","protected":false},"author":0,"featured_media":0,"comment_status":"","ping_status":"","sticky":false,"template":"","format":"standard","meta":{"footnotes":""},"categories":[1],"tags":[],"class_list":["post-51242","post","type-post","status-publish","format-standard","has-post-thumbnail","hentry","category-sin-categoria"],"_links":{"self":[{"href":"https:\/\/fmdelpueblo.ar\/index.php?rest_route=\/wp\/v2\/posts\/51242","targetHints":{"allow":["GET"]}}],"collection":[{"href":"https:\/\/fmdelpueblo.ar\/index.php?rest_route=\/wp\/v2\/posts"}],"about":[{"href":"https:\/\/fmdelpueblo.ar\/index.php?rest_route=\/wp\/v2\/types\/post"}],"replies":[{"embeddable":true,"href":"https:\/\/fmdelpueblo.ar\/index.php?rest_route=%2Fwp%2Fv2%2Fcomments&post=51242"}],"version-history":[{"count":0,"href":"https:\/\/fmdelpueblo.ar\/index.php?rest_route=\/wp\/v2\/posts\/51242\/revisions"}],"wp:attachment":[{"href":"https:\/\/fmdelpueblo.ar\/index.php?rest_route=%2Fwp%2Fv2%2Fmedia&parent=51242"}],"wp:term":[{"taxonomy":"category","embeddable":true,"href":"https:\/\/fmdelpueblo.ar\/index.php?rest_route=%2Fwp%2Fv2%2Fcategories&post=51242"},{"taxonomy":"post_tag","embeddable":true,"href":"https:\/\/fmdelpueblo.ar\/index.php?rest_route=%2Fwp%2Fv2%2Ftags&post=51242"}],"curies":[{"name":"wp","href":"https:\/\/api.w.org\/{rel}","templated":true}]}}