{"id":51239,"date":"2026-09-03T07:09:01","date_gmt":"2026-09-03T10:09:01","guid":{"rendered":"http:\/\/fmdelpueblo.ar\/?p=51239"},"modified":"2026-09-03T07:09:01","modified_gmt":"2026-09-03T10:09:01","slug":"diego-santilli-a-milei-le-molesta-la-mentira-otros-presidentes-te-mandaban-a-la-side","status":"publish","type":"post","link":"https:\/\/fmdelpueblo.ar\/?p=51239","title":{"rendered":"Diego Santilli: \u00abA Milei le molesta la mentira; otros presidentes te mandaban a la SIDE\u00bb"},"content":{"rendered":"<p>El jefe de Gabinete es el tercer invitado del ciclo Cara a Cara de Clar\u00edn.Explica qu\u00e9 motiva los ataques a la prensa del Presidente, ratifica su intenci\u00f3n de ser gobernador de la provincia de Buenos Aires y defiende la soberan\u00eda de Argentina sobre las Islas Malvinas.<\/p>","protected":false},"excerpt":{"rendered":"<p>El jefe de Gabinete es el tercer invitado del ciclo Cara a Cara de Clar\u00edn.Explica qu\u00e9 motiva los ataques a la prensa del Presidente, ratifica su intenci\u00f3n de ser gobernador de la provincia de Buenos Aires y defiende la soberan\u00eda de Argentina sobre las Islas Malvinas.<\/p>\n","protected":false},"author":0,"featured_media":0,"comment_status":"","ping_status":"","sticky":false,"template":"","format":"standard","meta":{"footnotes":""},"categories":[1],"tags":[],"class_list":["post-51239","post","type-post","status-publish","format-standard","has-post-thumbnail","hentry","category-sin-categoria"],"_links":{"self":[{"href":"https:\/\/fmdelpueblo.ar\/index.php?rest_route=\/wp\/v2\/posts\/51239","targetHints":{"allow":["GET"]}}],"collection":[{"href":"https:\/\/fmdelpueblo.ar\/index.php?rest_route=\/wp\/v2\/posts"}],"about":[{"href":"https:\/\/fmdelpueblo.ar\/index.php?rest_route=\/wp\/v2\/types\/post"}],"replies":[{"embeddable":true,"href":"https:\/\/fmdelpueblo.ar\/index.php?rest_route=%2Fwp%2Fv2%2Fcomments&post=51239"}],"version-history":[{"count":0,"href":"https:\/\/fmdelpueblo.ar\/index.php?rest_route=\/wp\/v2\/posts\/51239\/revisions"}],"wp:attachment":[{"href":"https:\/\/fmdelpueblo.ar\/index.php?rest_route=%2Fwp%2Fv2%2Fmedia&parent=51239"}],"wp:term":[{"taxonomy":"category","embeddable":true,"href":"https:\/\/fmdelpueblo.ar\/index.php?rest_route=%2Fwp%2Fv2%2Fcategories&post=51239"},{"taxonomy":"post_tag","embeddable":true,"href":"https:\/\/fmdelpueblo.ar\/index.php?rest_route=%2Fwp%2Fv2%2Ftags&post=51239"}],"curies":[{"name":"wp","href":"https:\/\/api.w.org\/{rel}","templated":true}]}}