{"id":51237,"date":"2026-09-03T07:08:59","date_gmt":"2026-09-03T10:08:59","guid":{"rendered":"http:\/\/fmdelpueblo.ar\/?p=51237"},"modified":"2026-09-03T07:08:59","modified_gmt":"2026-09-03T10:08:59","slug":"una-historica-editorial-mexicana-cierra-tras-66-anos-por-la-caida-de-las-ventas","status":"publish","type":"post","link":"https:\/\/fmdelpueblo.ar\/?p=51237","title":{"rendered":"Una hist\u00f3rica editorial mexicana cierra tras 66 a\u00f1os por la ca\u00edda de las ventas"},"content":{"rendered":"<p>La hist\u00f3rica editorial mexicana inform\u00f3 que dejar\u00e1 de operar despu\u00e9s de seis a\u00f1os de dificultades financieras. Seg\u00fan explic\u00f3 en un comunicado, las ventas representan apenas el 25% de los niveles previos a la pandemia.El sello public\u00f3 a algunos de los principales escritores mexicanos y latinoamericanos del siglo XX.<\/p>","protected":false},"excerpt":{"rendered":"<p>La hist\u00f3rica editorial mexicana inform\u00f3 que dejar\u00e1 de operar despu\u00e9s de seis a\u00f1os de dificultades financieras. Seg\u00fan explic\u00f3 en un comunicado, las ventas representan apenas el 25% de los niveles previos a la pandemia.El sello public\u00f3 a algunos de los principales escritores mexicanos y latinoamericanos del siglo XX.<\/p>\n","protected":false},"author":0,"featured_media":0,"comment_status":"","ping_status":"","sticky":false,"template":"","format":"standard","meta":{"footnotes":""},"categories":[1],"tags":[],"class_list":["post-51237","post","type-post","status-publish","format-standard","has-post-thumbnail","hentry","category-sin-categoria"],"_links":{"self":[{"href":"https:\/\/fmdelpueblo.ar\/index.php?rest_route=\/wp\/v2\/posts\/51237","targetHints":{"allow":["GET"]}}],"collection":[{"href":"https:\/\/fmdelpueblo.ar\/index.php?rest_route=\/wp\/v2\/posts"}],"about":[{"href":"https:\/\/fmdelpueblo.ar\/index.php?rest_route=\/wp\/v2\/types\/post"}],"replies":[{"embeddable":true,"href":"https:\/\/fmdelpueblo.ar\/index.php?rest_route=%2Fwp%2Fv2%2Fcomments&post=51237"}],"version-history":[{"count":0,"href":"https:\/\/fmdelpueblo.ar\/index.php?rest_route=\/wp\/v2\/posts\/51237\/revisions"}],"wp:attachment":[{"href":"https:\/\/fmdelpueblo.ar\/index.php?rest_route=%2Fwp%2Fv2%2Fmedia&parent=51237"}],"wp:term":[{"taxonomy":"category","embeddable":true,"href":"https:\/\/fmdelpueblo.ar\/index.php?rest_route=%2Fwp%2Fv2%2Fcategories&post=51237"},{"taxonomy":"post_tag","embeddable":true,"href":"https:\/\/fmdelpueblo.ar\/index.php?rest_route=%2Fwp%2Fv2%2Ftags&post=51237"}],"curies":[{"name":"wp","href":"https:\/\/api.w.org\/{rel}","templated":true}]}}