{"id":51233,"date":"2026-09-03T07:08:57","date_gmt":"2026-09-03T10:08:57","guid":{"rendered":"http:\/\/fmdelpueblo.ar\/?p=51233"},"modified":"2026-09-03T07:08:57","modified_gmt":"2026-09-03T10:08:57","slug":"estamos-a-la-deriva-productores-organizan-un-tractorazo-contra-javier-milei-durante-su-visita-a-misiones","status":"publish","type":"post","link":"https:\/\/fmdelpueblo.ar\/?p=51233","title":{"rendered":"\u00abEstamos a la deriva\u00bb: productores organizan un tractorazo contra Javier Milei durante su visita a Misiones"},"content":{"rendered":"<p>Los yerbateros buscar\u00e1n llegar con sus viejos tractores y camiones hasta el hotel de Puerto Iguaz\u00fa.El viernes el Presidente participar\u00e1 del cierre de la Convenci\u00f3n Anual del Instituto Argentino de Ejecutivos de Finanzas (IAEF).<\/p>","protected":false},"excerpt":{"rendered":"<p>Los yerbateros buscar\u00e1n llegar con sus viejos tractores y camiones hasta el hotel de Puerto Iguaz\u00fa.El viernes el Presidente participar\u00e1 del cierre de la Convenci\u00f3n Anual del Instituto Argentino de Ejecutivos de Finanzas (IAEF).<\/p>\n","protected":false},"author":0,"featured_media":0,"comment_status":"","ping_status":"","sticky":false,"template":"","format":"standard","meta":{"footnotes":""},"categories":[1],"tags":[],"class_list":["post-51233","post","type-post","status-publish","format-standard","has-post-thumbnail","hentry","category-sin-categoria"],"_links":{"self":[{"href":"https:\/\/fmdelpueblo.ar\/index.php?rest_route=\/wp\/v2\/posts\/51233","targetHints":{"allow":["GET"]}}],"collection":[{"href":"https:\/\/fmdelpueblo.ar\/index.php?rest_route=\/wp\/v2\/posts"}],"about":[{"href":"https:\/\/fmdelpueblo.ar\/index.php?rest_route=\/wp\/v2\/types\/post"}],"replies":[{"embeddable":true,"href":"https:\/\/fmdelpueblo.ar\/index.php?rest_route=%2Fwp%2Fv2%2Fcomments&post=51233"}],"version-history":[{"count":0,"href":"https:\/\/fmdelpueblo.ar\/index.php?rest_route=\/wp\/v2\/posts\/51233\/revisions"}],"wp:attachment":[{"href":"https:\/\/fmdelpueblo.ar\/index.php?rest_route=%2Fwp%2Fv2%2Fmedia&parent=51233"}],"wp:term":[{"taxonomy":"category","embeddable":true,"href":"https:\/\/fmdelpueblo.ar\/index.php?rest_route=%2Fwp%2Fv2%2Fcategories&post=51233"},{"taxonomy":"post_tag","embeddable":true,"href":"https:\/\/fmdelpueblo.ar\/index.php?rest_route=%2Fwp%2Fv2%2Ftags&post=51233"}],"curies":[{"name":"wp","href":"https:\/\/api.w.org\/{rel}","templated":true}]}}