{"id":51223,"date":"2026-09-03T05:09:04","date_gmt":"2026-09-03T08:09:04","guid":{"rendered":"http:\/\/fmdelpueblo.ar\/?p=51223"},"modified":"2026-09-03T05:09:04","modified_gmt":"2026-09-03T08:09:04","slug":"xavi-moron-guia-de-montana-puse-papeleras-en-el-camino-y-un-grupo-de-gente-tiro-la-basura-al-suelo-mientras-yo-recogia-fue-un-punto-de-inflexion-que-me-revento-la-cabeza","status":"publish","type":"post","link":"https:\/\/fmdelpueblo.ar\/?p=51223","title":{"rendered":"Xavi Moron, gu\u00eda de monta\u00f1a: \u201cPuse papeleras en el camino y un grupo de gente tir\u00f3 la basura al suelo mientras yo recog\u00eda; fue un punto de inflexi\u00f3n que me revent\u00f3 la cabeza\u201d"},"content":{"rendered":"<p>La historia de una iniciativa voluntaria que ha conseguido que el Ayuntamiento se remangue para mantener los caminos de la costa.<\/p>","protected":false},"excerpt":{"rendered":"<p>La historia de una iniciativa voluntaria que ha conseguido que el Ayuntamiento se remangue para mantener los caminos de la costa.<\/p>\n","protected":false},"author":0,"featured_media":0,"comment_status":"","ping_status":"","sticky":false,"template":"","format":"standard","meta":{"footnotes":""},"categories":[1],"tags":[],"class_list":["post-51223","post","type-post","status-publish","format-standard","has-post-thumbnail","hentry","category-sin-categoria"],"_links":{"self":[{"href":"https:\/\/fmdelpueblo.ar\/index.php?rest_route=\/wp\/v2\/posts\/51223","targetHints":{"allow":["GET"]}}],"collection":[{"href":"https:\/\/fmdelpueblo.ar\/index.php?rest_route=\/wp\/v2\/posts"}],"about":[{"href":"https:\/\/fmdelpueblo.ar\/index.php?rest_route=\/wp\/v2\/types\/post"}],"replies":[{"embeddable":true,"href":"https:\/\/fmdelpueblo.ar\/index.php?rest_route=%2Fwp%2Fv2%2Fcomments&post=51223"}],"version-history":[{"count":0,"href":"https:\/\/fmdelpueblo.ar\/index.php?rest_route=\/wp\/v2\/posts\/51223\/revisions"}],"wp:attachment":[{"href":"https:\/\/fmdelpueblo.ar\/index.php?rest_route=%2Fwp%2Fv2%2Fmedia&parent=51223"}],"wp:term":[{"taxonomy":"category","embeddable":true,"href":"https:\/\/fmdelpueblo.ar\/index.php?rest_route=%2Fwp%2Fv2%2Fcategories&post=51223"},{"taxonomy":"post_tag","embeddable":true,"href":"https:\/\/fmdelpueblo.ar\/index.php?rest_route=%2Fwp%2Fv2%2Ftags&post=51223"}],"curies":[{"name":"wp","href":"https:\/\/api.w.org\/{rel}","templated":true}]}}