{"id":51222,"date":"2026-09-03T05:09:02","date_gmt":"2026-09-03T08:09:02","guid":{"rendered":"http:\/\/fmdelpueblo.ar\/?p=51222"},"modified":"2026-09-03T05:09:02","modified_gmt":"2026-09-03T08:09:02","slug":"la-anmat-prohibio-dos-marcas-de-productos-de-limpieza-cuales-son-y-por-que-las-retiro-del-mercado","status":"publish","type":"post","link":"https:\/\/fmdelpueblo.ar\/?p=51222","title":{"rendered":"La ANMAT prohibi\u00f3 dos marcas de productos de limpieza: cu\u00e1les son y por qu\u00e9 las retir\u00f3 del mercado"},"content":{"rendered":"<p>La medida fue oficializada mediante una serie de disposiciones publicadas por el organismo de control en el Bolet\u00edn Oficial de este jueves. Las decisiones surgieron tras denuncias de usuarios, reportes de empresas y tareas de fiscalizaci\u00f3n realizadas por el organismo.<\/p>","protected":false},"excerpt":{"rendered":"<p>La medida fue oficializada mediante una serie de disposiciones publicadas por el organismo de control en el Bolet\u00edn Oficial de este jueves. Las decisiones surgieron tras denuncias de usuarios, reportes de empresas y tareas de fiscalizaci\u00f3n realizadas por el organismo.<\/p>\n","protected":false},"author":0,"featured_media":0,"comment_status":"","ping_status":"","sticky":false,"template":"","format":"standard","meta":{"footnotes":""},"categories":[1],"tags":[],"class_list":["post-51222","post","type-post","status-publish","format-standard","has-post-thumbnail","hentry","category-sin-categoria"],"_links":{"self":[{"href":"https:\/\/fmdelpueblo.ar\/index.php?rest_route=\/wp\/v2\/posts\/51222","targetHints":{"allow":["GET"]}}],"collection":[{"href":"https:\/\/fmdelpueblo.ar\/index.php?rest_route=\/wp\/v2\/posts"}],"about":[{"href":"https:\/\/fmdelpueblo.ar\/index.php?rest_route=\/wp\/v2\/types\/post"}],"replies":[{"embeddable":true,"href":"https:\/\/fmdelpueblo.ar\/index.php?rest_route=%2Fwp%2Fv2%2Fcomments&post=51222"}],"version-history":[{"count":0,"href":"https:\/\/fmdelpueblo.ar\/index.php?rest_route=\/wp\/v2\/posts\/51222\/revisions"}],"wp:attachment":[{"href":"https:\/\/fmdelpueblo.ar\/index.php?rest_route=%2Fwp%2Fv2%2Fmedia&parent=51222"}],"wp:term":[{"taxonomy":"category","embeddable":true,"href":"https:\/\/fmdelpueblo.ar\/index.php?rest_route=%2Fwp%2Fv2%2Fcategories&post=51222"},{"taxonomy":"post_tag","embeddable":true,"href":"https:\/\/fmdelpueblo.ar\/index.php?rest_route=%2Fwp%2Fv2%2Ftags&post=51222"}],"curies":[{"name":"wp","href":"https:\/\/api.w.org\/{rel}","templated":true}]}}