{"id":51220,"date":"2026-09-03T05:09:00","date_gmt":"2026-09-03T08:09:00","guid":{"rendered":"http:\/\/fmdelpueblo.ar\/?p=51220"},"modified":"2026-09-03T05:09:00","modified_gmt":"2026-09-03T08:09:00","slug":"friedrich-nietzsche-filosofo-cuanto-mas-alto-volamos-mas-pequenos-parecemos-a-quienes-no-pueden-volar","status":"publish","type":"post","link":"https:\/\/fmdelpueblo.ar\/?p=51220","title":{"rendered":"Friedrich Nietzsche, fil\u00f3sofo: \u201cCuanto m\u00e1s alto volamos, m\u00e1s peque\u00f1os parecemos a quienes no pueden volar\u201d"},"content":{"rendered":"<p>Palabras que invitan a reflexionar sobre la perspectiva de la vida y los acontecimientos.<\/p>","protected":false},"excerpt":{"rendered":"<p>Palabras que invitan a reflexionar sobre la perspectiva de la vida y los acontecimientos.<\/p>\n","protected":false},"author":0,"featured_media":0,"comment_status":"","ping_status":"","sticky":false,"template":"","format":"standard","meta":{"footnotes":""},"categories":[1],"tags":[],"class_list":["post-51220","post","type-post","status-publish","format-standard","has-post-thumbnail","hentry","category-sin-categoria"],"_links":{"self":[{"href":"https:\/\/fmdelpueblo.ar\/index.php?rest_route=\/wp\/v2\/posts\/51220","targetHints":{"allow":["GET"]}}],"collection":[{"href":"https:\/\/fmdelpueblo.ar\/index.php?rest_route=\/wp\/v2\/posts"}],"about":[{"href":"https:\/\/fmdelpueblo.ar\/index.php?rest_route=\/wp\/v2\/types\/post"}],"replies":[{"embeddable":true,"href":"https:\/\/fmdelpueblo.ar\/index.php?rest_route=%2Fwp%2Fv2%2Fcomments&post=51220"}],"version-history":[{"count":0,"href":"https:\/\/fmdelpueblo.ar\/index.php?rest_route=\/wp\/v2\/posts\/51220\/revisions"}],"wp:attachment":[{"href":"https:\/\/fmdelpueblo.ar\/index.php?rest_route=%2Fwp%2Fv2%2Fmedia&parent=51220"}],"wp:term":[{"taxonomy":"category","embeddable":true,"href":"https:\/\/fmdelpueblo.ar\/index.php?rest_route=%2Fwp%2Fv2%2Fcategories&post=51220"},{"taxonomy":"post_tag","embeddable":true,"href":"https:\/\/fmdelpueblo.ar\/index.php?rest_route=%2Fwp%2Fv2%2Ftags&post=51220"}],"curies":[{"name":"wp","href":"https:\/\/api.w.org\/{rel}","templated":true}]}}