{"id":51164,"date":"2026-09-02T21:09:00","date_gmt":"2026-09-03T00:09:00","guid":{"rendered":"https:\/\/fmdelpueblo.ar\/?p=51164"},"modified":"2026-09-02T21:09:00","modified_gmt":"2026-09-03T00:09:00","slug":"enzo-fernandez-eligio-numero-en-el-manchester-city-el-video-en-el-que-explico-por-que-opto-por-ese-dorsal","status":"publish","type":"post","link":"https:\/\/fmdelpueblo.ar\/?p=51164","title":{"rendered":"Enzo Fern\u00e1ndez eligi\u00f3 n\u00famero en el Manchester City: el video en el que explic\u00f3 por qu\u00e9 opt\u00f3 por ese dorsal"},"content":{"rendered":"<p>El mediocampista de 25 a\u00f1os lucir\u00e1 la misma camiseta que alguna vez tuvo Kevin De Bruyne en el club.Su debut podr\u00eda ser este s\u00e1bado ante Coventry City por la Premier League.<\/p>","protected":false},"excerpt":{"rendered":"<p>El mediocampista de 25 a\u00f1os lucir\u00e1 la misma camiseta que alguna vez tuvo Kevin De Bruyne en el club.Su debut podr\u00eda ser este s\u00e1bado ante Coventry City por la Premier League.<\/p>\n","protected":false},"author":0,"featured_media":0,"comment_status":"","ping_status":"","sticky":false,"template":"","format":"standard","meta":{"footnotes":""},"categories":[1],"tags":[],"class_list":["post-51164","post","type-post","status-publish","format-standard","has-post-thumbnail","hentry","category-sin-categoria"],"_links":{"self":[{"href":"https:\/\/fmdelpueblo.ar\/index.php?rest_route=\/wp\/v2\/posts\/51164","targetHints":{"allow":["GET"]}}],"collection":[{"href":"https:\/\/fmdelpueblo.ar\/index.php?rest_route=\/wp\/v2\/posts"}],"about":[{"href":"https:\/\/fmdelpueblo.ar\/index.php?rest_route=\/wp\/v2\/types\/post"}],"replies":[{"embeddable":true,"href":"https:\/\/fmdelpueblo.ar\/index.php?rest_route=%2Fwp%2Fv2%2Fcomments&post=51164"}],"version-history":[{"count":0,"href":"https:\/\/fmdelpueblo.ar\/index.php?rest_route=\/wp\/v2\/posts\/51164\/revisions"}],"wp:attachment":[{"href":"https:\/\/fmdelpueblo.ar\/index.php?rest_route=%2Fwp%2Fv2%2Fmedia&parent=51164"}],"wp:term":[{"taxonomy":"category","embeddable":true,"href":"https:\/\/fmdelpueblo.ar\/index.php?rest_route=%2Fwp%2Fv2%2Fcategories&post=51164"},{"taxonomy":"post_tag","embeddable":true,"href":"https:\/\/fmdelpueblo.ar\/index.php?rest_route=%2Fwp%2Fv2%2Ftags&post=51164"}],"curies":[{"name":"wp","href":"https:\/\/api.w.org\/{rel}","templated":true}]}}