{"id":51163,"date":"2026-09-02T21:08:59","date_gmt":"2026-09-03T00:08:59","guid":{"rendered":"https:\/\/fmdelpueblo.ar\/?p=51163"},"modified":"2026-09-02T21:08:59","modified_gmt":"2026-09-03T00:08:59","slug":"soberania-y-negocios-tras-el-gesto-de-trump-milei-habla-en-cadena-nacional-sobre-el-tema-malvinas","status":"publish","type":"post","link":"https:\/\/fmdelpueblo.ar\/?p=51163","title":{"rendered":"Soberan\u00eda y negocios: tras el gesto de Trump, Milei habla en cadena nacional sobre el tema Malvinas"},"content":{"rendered":"<p>Hablar\u00e1 las 21, a su regreso de Chile.Hay gran expectativa sobre el contenido de su mensaje en la disputa con Gran Breta\u00f1a sobre la soberan\u00eda de las islas.<\/p>","protected":false},"excerpt":{"rendered":"<p>Hablar\u00e1 las 21, a su regreso de Chile.Hay gran expectativa sobre el contenido de su mensaje en la disputa con Gran Breta\u00f1a sobre la soberan\u00eda de las islas.<\/p>\n","protected":false},"author":0,"featured_media":0,"comment_status":"","ping_status":"","sticky":false,"template":"","format":"standard","meta":{"footnotes":""},"categories":[1],"tags":[],"class_list":["post-51163","post","type-post","status-publish","format-standard","has-post-thumbnail","hentry","category-sin-categoria"],"_links":{"self":[{"href":"https:\/\/fmdelpueblo.ar\/index.php?rest_route=\/wp\/v2\/posts\/51163","targetHints":{"allow":["GET"]}}],"collection":[{"href":"https:\/\/fmdelpueblo.ar\/index.php?rest_route=\/wp\/v2\/posts"}],"about":[{"href":"https:\/\/fmdelpueblo.ar\/index.php?rest_route=\/wp\/v2\/types\/post"}],"replies":[{"embeddable":true,"href":"https:\/\/fmdelpueblo.ar\/index.php?rest_route=%2Fwp%2Fv2%2Fcomments&post=51163"}],"version-history":[{"count":0,"href":"https:\/\/fmdelpueblo.ar\/index.php?rest_route=\/wp\/v2\/posts\/51163\/revisions"}],"wp:attachment":[{"href":"https:\/\/fmdelpueblo.ar\/index.php?rest_route=%2Fwp%2Fv2%2Fmedia&parent=51163"}],"wp:term":[{"taxonomy":"category","embeddable":true,"href":"https:\/\/fmdelpueblo.ar\/index.php?rest_route=%2Fwp%2Fv2%2Fcategories&post=51163"},{"taxonomy":"post_tag","embeddable":true,"href":"https:\/\/fmdelpueblo.ar\/index.php?rest_route=%2Fwp%2Fv2%2Ftags&post=51163"}],"curies":[{"name":"wp","href":"https:\/\/api.w.org\/{rel}","templated":true}]}}