{"id":51161,"date":"2026-09-02T21:08:58","date_gmt":"2026-09-03T00:08:58","guid":{"rendered":"https:\/\/fmdelpueblo.ar\/?p=51161"},"modified":"2026-09-02T21:08:58","modified_gmt":"2026-09-03T00:08:58","slug":"emergencia-en-discapacidad-funcionarios-defendieron-la-gestion-y-el-oficialismo-prometio-un-proyecto-superador","status":"publish","type":"post","link":"https:\/\/fmdelpueblo.ar\/?p=51161","title":{"rendered":"Emergencia en Discapacidad: funcionarios defendieron la gesti\u00f3n y el oficialismo prometi\u00f3 un proyecto superador"},"content":{"rendered":"<p>La Libertad Avanza acus\u00f3 recibo de la presi\u00f3n opositora para llevar el tema al recinto la pr\u00f3xima semana.Aseguran que van a trabajar en un proyecto propio, que no es el que envi\u00f3 el Ejecutivo meses atr\u00e1s, y qued\u00f3 freezado en el Senado.<\/p>","protected":false},"excerpt":{"rendered":"<p>La Libertad Avanza acus\u00f3 recibo de la presi\u00f3n opositora para llevar el tema al recinto la pr\u00f3xima semana.Aseguran que van a trabajar en un proyecto propio, que no es el que envi\u00f3 el Ejecutivo meses atr\u00e1s, y qued\u00f3 freezado en el Senado.<\/p>\n","protected":false},"author":0,"featured_media":0,"comment_status":"","ping_status":"","sticky":false,"template":"","format":"standard","meta":{"footnotes":""},"categories":[1],"tags":[],"class_list":["post-51161","post","type-post","status-publish","format-standard","has-post-thumbnail","hentry","category-sin-categoria"],"_links":{"self":[{"href":"https:\/\/fmdelpueblo.ar\/index.php?rest_route=\/wp\/v2\/posts\/51161","targetHints":{"allow":["GET"]}}],"collection":[{"href":"https:\/\/fmdelpueblo.ar\/index.php?rest_route=\/wp\/v2\/posts"}],"about":[{"href":"https:\/\/fmdelpueblo.ar\/index.php?rest_route=\/wp\/v2\/types\/post"}],"replies":[{"embeddable":true,"href":"https:\/\/fmdelpueblo.ar\/index.php?rest_route=%2Fwp%2Fv2%2Fcomments&post=51161"}],"version-history":[{"count":0,"href":"https:\/\/fmdelpueblo.ar\/index.php?rest_route=\/wp\/v2\/posts\/51161\/revisions"}],"wp:attachment":[{"href":"https:\/\/fmdelpueblo.ar\/index.php?rest_route=%2Fwp%2Fv2%2Fmedia&parent=51161"}],"wp:term":[{"taxonomy":"category","embeddable":true,"href":"https:\/\/fmdelpueblo.ar\/index.php?rest_route=%2Fwp%2Fv2%2Fcategories&post=51161"},{"taxonomy":"post_tag","embeddable":true,"href":"https:\/\/fmdelpueblo.ar\/index.php?rest_route=%2Fwp%2Fv2%2Ftags&post=51161"}],"curies":[{"name":"wp","href":"https:\/\/api.w.org\/{rel}","templated":true}]}}