{"id":51157,"date":"2026-09-02T21:08:56","date_gmt":"2026-09-03T00:08:56","guid":{"rendered":"https:\/\/fmdelpueblo.ar\/?p=51157"},"modified":"2026-09-02T21:08:56","modified_gmt":"2026-09-03T00:08:56","slug":"familia-de-joven-haitiano-que-se-suicido-en-ohio-culpa-a-ice-de-ee-uu","status":"publish","type":"post","link":"https:\/\/fmdelpueblo.ar\/?p=51157","title":{"rendered":"Familia de joven haitiano que se suicid\u00f3 en Ohio culpa a ICE de EE.UU."},"content":{"rendered":"<p>La familia de un joven haitiano que se quit\u00f3 la vida en Ohio culpa a la \u00abhumillaci\u00f3n\u00bb del dispositivo de localizaci\u00f3n que llevaba en el tobillo.Pierre Damas Bel, quien aspiraba a ser atleta, sent\u00eda verg\u00fcenza y acoso por el monitor GPS, lo que afect\u00f3 su vida acad\u00e9mica y deportiva.<\/p>","protected":false},"excerpt":{"rendered":"<p>La familia de un joven haitiano que se quit\u00f3 la vida en Ohio culpa a la \u00abhumillaci\u00f3n\u00bb del dispositivo de localizaci\u00f3n que llevaba en el tobillo.Pierre Damas Bel, quien aspiraba a ser atleta, sent\u00eda verg\u00fcenza y acoso por el monitor GPS, lo que afect\u00f3 su vida acad\u00e9mica y deportiva.<\/p>\n","protected":false},"author":0,"featured_media":0,"comment_status":"","ping_status":"","sticky":false,"template":"","format":"standard","meta":{"footnotes":""},"categories":[1],"tags":[],"class_list":["post-51157","post","type-post","status-publish","format-standard","has-post-thumbnail","hentry","category-sin-categoria"],"_links":{"self":[{"href":"https:\/\/fmdelpueblo.ar\/index.php?rest_route=\/wp\/v2\/posts\/51157","targetHints":{"allow":["GET"]}}],"collection":[{"href":"https:\/\/fmdelpueblo.ar\/index.php?rest_route=\/wp\/v2\/posts"}],"about":[{"href":"https:\/\/fmdelpueblo.ar\/index.php?rest_route=\/wp\/v2\/types\/post"}],"replies":[{"embeddable":true,"href":"https:\/\/fmdelpueblo.ar\/index.php?rest_route=%2Fwp%2Fv2%2Fcomments&post=51157"}],"version-history":[{"count":0,"href":"https:\/\/fmdelpueblo.ar\/index.php?rest_route=\/wp\/v2\/posts\/51157\/revisions"}],"wp:attachment":[{"href":"https:\/\/fmdelpueblo.ar\/index.php?rest_route=%2Fwp%2Fv2%2Fmedia&parent=51157"}],"wp:term":[{"taxonomy":"category","embeddable":true,"href":"https:\/\/fmdelpueblo.ar\/index.php?rest_route=%2Fwp%2Fv2%2Fcategories&post=51157"},{"taxonomy":"post_tag","embeddable":true,"href":"https:\/\/fmdelpueblo.ar\/index.php?rest_route=%2Fwp%2Fv2%2Ftags&post=51157"}],"curies":[{"name":"wp","href":"https:\/\/api.w.org\/{rel}","templated":true}]}}