{"id":51155,"date":"2026-09-02T21:08:55","date_gmt":"2026-09-03T00:08:55","guid":{"rendered":"https:\/\/fmdelpueblo.ar\/?p=51155"},"modified":"2026-09-02T21:08:55","modified_gmt":"2026-09-03T00:08:55","slug":"un-tiroteo-en-mineapolis-provoca-varios-muertos-segun-un-medio-local","status":"publish","type":"post","link":"https:\/\/fmdelpueblo.ar\/?p=51155","title":{"rendered":"Un tiroteo en Mine\u00e1polis provoca varios muertos, seg\u00fan un medio local"},"content":{"rendered":"<p>Un tiroteo en el centro de Mine\u00e1polis deja varias v\u00edctimas fatales, seg\u00fan reportes de un medio local. Las autoridades est\u00e1n investigando.El gobernador de Minesota inform\u00f3 que agentes estatales colaboran con la polic\u00eda local para esclarecer los hechos y asegurar la zona.<\/p>","protected":false},"excerpt":{"rendered":"<p>Un tiroteo en el centro de Mine\u00e1polis deja varias v\u00edctimas fatales, seg\u00fan reportes de un medio local. Las autoridades est\u00e1n investigando.El gobernador de Minesota inform\u00f3 que agentes estatales colaboran con la polic\u00eda local para esclarecer los hechos y asegurar la zona.<\/p>\n","protected":false},"author":0,"featured_media":0,"comment_status":"","ping_status":"","sticky":false,"template":"","format":"standard","meta":{"footnotes":""},"categories":[1],"tags":[],"class_list":["post-51155","post","type-post","status-publish","format-standard","has-post-thumbnail","hentry","category-sin-categoria"],"_links":{"self":[{"href":"https:\/\/fmdelpueblo.ar\/index.php?rest_route=\/wp\/v2\/posts\/51155","targetHints":{"allow":["GET"]}}],"collection":[{"href":"https:\/\/fmdelpueblo.ar\/index.php?rest_route=\/wp\/v2\/posts"}],"about":[{"href":"https:\/\/fmdelpueblo.ar\/index.php?rest_route=\/wp\/v2\/types\/post"}],"replies":[{"embeddable":true,"href":"https:\/\/fmdelpueblo.ar\/index.php?rest_route=%2Fwp%2Fv2%2Fcomments&post=51155"}],"version-history":[{"count":0,"href":"https:\/\/fmdelpueblo.ar\/index.php?rest_route=\/wp\/v2\/posts\/51155\/revisions"}],"wp:attachment":[{"href":"https:\/\/fmdelpueblo.ar\/index.php?rest_route=%2Fwp%2Fv2%2Fmedia&parent=51155"}],"wp:term":[{"taxonomy":"category","embeddable":true,"href":"https:\/\/fmdelpueblo.ar\/index.php?rest_route=%2Fwp%2Fv2%2Fcategories&post=51155"},{"taxonomy":"post_tag","embeddable":true,"href":"https:\/\/fmdelpueblo.ar\/index.php?rest_route=%2Fwp%2Fv2%2Ftags&post=51155"}],"curies":[{"name":"wp","href":"https:\/\/api.w.org\/{rel}","templated":true}]}}