{"id":51124,"date":"2026-09-02T17:09:07","date_gmt":"2026-09-02T20:09:07","guid":{"rendered":"https:\/\/fmdelpueblo.ar\/?p=51124"},"modified":"2026-09-02T17:09:07","modified_gmt":"2026-09-02T20:09:07","slug":"dan-driscoll-deja-su-cargo-como-secretario-del-ejercito-de-eeuu-no-da-razones","status":"publish","type":"post","link":"https:\/\/fmdelpueblo.ar\/?p=51124","title":{"rendered":"Dan Driscoll deja su cargo como secretario del Ej\u00e9rcito de EEUU, no da razones"},"content":{"rendered":"<p>Dan Driscoll dejar\u00e1 su cargo como secretario del Ej\u00e9rcito de EE.UU. tras 18 meses, sin dar razones p\u00fablicas. Su salida coincide con tensiones internas.La renuncia genera preocupaci\u00f3n en el Congreso sobre el liderazgo militar, mientras EE.UU. reanuda ataques a\u00e9reos en Ir\u00e1n. No hay sucesor confirmado a\u00fan.<\/p>","protected":false},"excerpt":{"rendered":"<p>Dan Driscoll dejar\u00e1 su cargo como secretario del Ej\u00e9rcito de EE.UU. tras 18 meses, sin dar razones p\u00fablicas. Su salida coincide con tensiones internas.La renuncia genera preocupaci\u00f3n en el Congreso sobre el liderazgo militar, mientras EE.UU. reanuda ataques a\u00e9reos en Ir\u00e1n. No hay sucesor confirmado a\u00fan.<\/p>\n","protected":false},"author":0,"featured_media":0,"comment_status":"","ping_status":"","sticky":false,"template":"","format":"standard","meta":{"footnotes":""},"categories":[1],"tags":[],"class_list":["post-51124","post","type-post","status-publish","format-standard","has-post-thumbnail","hentry","category-sin-categoria"],"_links":{"self":[{"href":"https:\/\/fmdelpueblo.ar\/index.php?rest_route=\/wp\/v2\/posts\/51124","targetHints":{"allow":["GET"]}}],"collection":[{"href":"https:\/\/fmdelpueblo.ar\/index.php?rest_route=\/wp\/v2\/posts"}],"about":[{"href":"https:\/\/fmdelpueblo.ar\/index.php?rest_route=\/wp\/v2\/types\/post"}],"replies":[{"embeddable":true,"href":"https:\/\/fmdelpueblo.ar\/index.php?rest_route=%2Fwp%2Fv2%2Fcomments&post=51124"}],"version-history":[{"count":0,"href":"https:\/\/fmdelpueblo.ar\/index.php?rest_route=\/wp\/v2\/posts\/51124\/revisions"}],"wp:attachment":[{"href":"https:\/\/fmdelpueblo.ar\/index.php?rest_route=%2Fwp%2Fv2%2Fmedia&parent=51124"}],"wp:term":[{"taxonomy":"category","embeddable":true,"href":"https:\/\/fmdelpueblo.ar\/index.php?rest_route=%2Fwp%2Fv2%2Fcategories&post=51124"},{"taxonomy":"post_tag","embeddable":true,"href":"https:\/\/fmdelpueblo.ar\/index.php?rest_route=%2Fwp%2Fv2%2Ftags&post=51124"}],"curies":[{"name":"wp","href":"https:\/\/api.w.org\/{rel}","templated":true}]}}