{"id":51121,"date":"2026-09-02T17:09:05","date_gmt":"2026-09-02T20:09:05","guid":{"rendered":"https:\/\/fmdelpueblo.ar\/?p=51121"},"modified":"2026-09-02T17:09:05","modified_gmt":"2026-09-02T20:09:05","slug":"la-incomoda-reaccion-de-luisana-lopilato-al-recordar-a-mariano-martinez-como-expareja-era-muy-chica","status":"publish","type":"post","link":"https:\/\/fmdelpueblo.ar\/?p=51121","title":{"rendered":"La inc\u00f3moda reacci\u00f3n de Luisana Lopilato al recordar a Mariano Mart\u00ednez como expareja: \u00abEra muy chica\u00bb"},"content":{"rendered":"<p>La actriz acept\u00f3 el desaf\u00edo de ordenar a distintos colegas y el actor qued\u00f3 en \u00faltimo lugar.Estuvieron juntos entre 2004 y 2006.<\/p>","protected":false},"excerpt":{"rendered":"<p>La actriz acept\u00f3 el desaf\u00edo de ordenar a distintos colegas y el actor qued\u00f3 en \u00faltimo lugar.Estuvieron juntos entre 2004 y 2006.<\/p>\n","protected":false},"author":0,"featured_media":0,"comment_status":"","ping_status":"","sticky":false,"template":"","format":"standard","meta":{"footnotes":""},"categories":[1],"tags":[],"class_list":["post-51121","post","type-post","status-publish","format-standard","has-post-thumbnail","hentry","category-sin-categoria"],"_links":{"self":[{"href":"https:\/\/fmdelpueblo.ar\/index.php?rest_route=\/wp\/v2\/posts\/51121","targetHints":{"allow":["GET"]}}],"collection":[{"href":"https:\/\/fmdelpueblo.ar\/index.php?rest_route=\/wp\/v2\/posts"}],"about":[{"href":"https:\/\/fmdelpueblo.ar\/index.php?rest_route=\/wp\/v2\/types\/post"}],"replies":[{"embeddable":true,"href":"https:\/\/fmdelpueblo.ar\/index.php?rest_route=%2Fwp%2Fv2%2Fcomments&post=51121"}],"version-history":[{"count":0,"href":"https:\/\/fmdelpueblo.ar\/index.php?rest_route=\/wp\/v2\/posts\/51121\/revisions"}],"wp:attachment":[{"href":"https:\/\/fmdelpueblo.ar\/index.php?rest_route=%2Fwp%2Fv2%2Fmedia&parent=51121"}],"wp:term":[{"taxonomy":"category","embeddable":true,"href":"https:\/\/fmdelpueblo.ar\/index.php?rest_route=%2Fwp%2Fv2%2Fcategories&post=51121"},{"taxonomy":"post_tag","embeddable":true,"href":"https:\/\/fmdelpueblo.ar\/index.php?rest_route=%2Fwp%2Fv2%2Ftags&post=51121"}],"curies":[{"name":"wp","href":"https:\/\/api.w.org\/{rel}","templated":true}]}}