{"id":51119,"date":"2026-09-02T17:09:03","date_gmt":"2026-09-02T20:09:03","guid":{"rendered":"https:\/\/fmdelpueblo.ar\/?p=51119"},"modified":"2026-09-02T17:09:03","modified_gmt":"2026-09-02T20:09:03","slug":"caso-loan-el-ex-comisario-walter-maciel-pidio-declarar-y-rompera-el-silencio","status":"publish","type":"post","link":"https:\/\/fmdelpueblo.ar\/?p=51119","title":{"rendered":"Caso Loan: el ex comisario Walter Maciel pidi\u00f3 declarar y romper\u00e1 el silencio"},"content":{"rendered":"<p>El ex polic\u00eda que estaba al frente de la comisar\u00eda de 9 de Julio cuando desapareci\u00f3 el nene ser\u00e1 el primero de los siete imputados en hablar durante el juicio oral en Corrientes.En la audiencia de este mi\u00e9rcoles declararon agentes de Prefectura que contaron los movimientos de \u00abEl Americano\u00bb y la falsa integrante de la Fundaci\u00f3n Lucio Dupuy durante la b\u00fasqueda.<\/p>","protected":false},"excerpt":{"rendered":"<p>El ex polic\u00eda que estaba al frente de la comisar\u00eda de 9 de Julio cuando desapareci\u00f3 el nene ser\u00e1 el primero de los siete imputados en hablar durante el juicio oral en Corrientes.En la audiencia de este mi\u00e9rcoles declararon agentes de Prefectura que contaron los movimientos de \u00abEl Americano\u00bb y la falsa integrante de la [&hellip;]<\/p>\n","protected":false},"author":0,"featured_media":0,"comment_status":"","ping_status":"","sticky":false,"template":"","format":"standard","meta":{"footnotes":""},"categories":[1],"tags":[],"class_list":["post-51119","post","type-post","status-publish","format-standard","has-post-thumbnail","hentry","category-sin-categoria"],"_links":{"self":[{"href":"https:\/\/fmdelpueblo.ar\/index.php?rest_route=\/wp\/v2\/posts\/51119","targetHints":{"allow":["GET"]}}],"collection":[{"href":"https:\/\/fmdelpueblo.ar\/index.php?rest_route=\/wp\/v2\/posts"}],"about":[{"href":"https:\/\/fmdelpueblo.ar\/index.php?rest_route=\/wp\/v2\/types\/post"}],"replies":[{"embeddable":true,"href":"https:\/\/fmdelpueblo.ar\/index.php?rest_route=%2Fwp%2Fv2%2Fcomments&post=51119"}],"version-history":[{"count":0,"href":"https:\/\/fmdelpueblo.ar\/index.php?rest_route=\/wp\/v2\/posts\/51119\/revisions"}],"wp:attachment":[{"href":"https:\/\/fmdelpueblo.ar\/index.php?rest_route=%2Fwp%2Fv2%2Fmedia&parent=51119"}],"wp:term":[{"taxonomy":"category","embeddable":true,"href":"https:\/\/fmdelpueblo.ar\/index.php?rest_route=%2Fwp%2Fv2%2Fcategories&post=51119"},{"taxonomy":"post_tag","embeddable":true,"href":"https:\/\/fmdelpueblo.ar\/index.php?rest_route=%2Fwp%2Fv2%2Ftags&post=51119"}],"curies":[{"name":"wp","href":"https:\/\/api.w.org\/{rel}","templated":true}]}}