{"id":51118,"date":"2026-09-02T17:09:03","date_gmt":"2026-09-02T20:09:03","guid":{"rendered":"https:\/\/fmdelpueblo.ar\/?p=51118"},"modified":"2026-09-02T17:09:03","modified_gmt":"2026-09-02T20:09:03","slug":"paro-en-aeropuertos-del-3-y-4-de-septiembre-que-vuelos-pueden-verse-afectados-y-que-hacer-ante-demoras-o-cancelaciones","status":"publish","type":"post","link":"https:\/\/fmdelpueblo.ar\/?p=51118","title":{"rendered":"Paro en aeropuertos del 3 y 4 de septiembre: qu\u00e9 vuelos pueden verse afectados y qu\u00e9 hacer ante demoras o cancelaciones"},"content":{"rendered":"<p>Las protestas ser\u00e1n de 9 a 12 y de 18 a 21 en m\u00e1s de 27 aeropuertos.C\u00f3mo chequear el vuelo y d\u00f3nde reclamar si hay cambios o cancelaciones.<\/p>","protected":false},"excerpt":{"rendered":"<p>Las protestas ser\u00e1n de 9 a 12 y de 18 a 21 en m\u00e1s de 27 aeropuertos.C\u00f3mo chequear el vuelo y d\u00f3nde reclamar si hay cambios o cancelaciones.<\/p>\n","protected":false},"author":0,"featured_media":0,"comment_status":"","ping_status":"","sticky":false,"template":"","format":"standard","meta":{"footnotes":""},"categories":[1],"tags":[],"class_list":["post-51118","post","type-post","status-publish","format-standard","has-post-thumbnail","hentry","category-sin-categoria"],"_links":{"self":[{"href":"https:\/\/fmdelpueblo.ar\/index.php?rest_route=\/wp\/v2\/posts\/51118","targetHints":{"allow":["GET"]}}],"collection":[{"href":"https:\/\/fmdelpueblo.ar\/index.php?rest_route=\/wp\/v2\/posts"}],"about":[{"href":"https:\/\/fmdelpueblo.ar\/index.php?rest_route=\/wp\/v2\/types\/post"}],"replies":[{"embeddable":true,"href":"https:\/\/fmdelpueblo.ar\/index.php?rest_route=%2Fwp%2Fv2%2Fcomments&post=51118"}],"version-history":[{"count":0,"href":"https:\/\/fmdelpueblo.ar\/index.php?rest_route=\/wp\/v2\/posts\/51118\/revisions"}],"wp:attachment":[{"href":"https:\/\/fmdelpueblo.ar\/index.php?rest_route=%2Fwp%2Fv2%2Fmedia&parent=51118"}],"wp:term":[{"taxonomy":"category","embeddable":true,"href":"https:\/\/fmdelpueblo.ar\/index.php?rest_route=%2Fwp%2Fv2%2Fcategories&post=51118"},{"taxonomy":"post_tag","embeddable":true,"href":"https:\/\/fmdelpueblo.ar\/index.php?rest_route=%2Fwp%2Fv2%2Ftags&post=51118"}],"curies":[{"name":"wp","href":"https:\/\/api.w.org\/{rel}","templated":true}]}}