{"id":51108,"date":"2026-09-02T15:09:08","date_gmt":"2026-09-02T18:09:08","guid":{"rendered":"http:\/\/fmdelpueblo.ar\/?p=51108"},"modified":"2026-09-02T15:09:08","modified_gmt":"2026-09-02T18:09:08","slug":"tengo-52-anos-y-finalmente-entiendo-por-que-mi-padre-pasaba-todos-los-sabados-en-el-garaje-no-nos-estaba-ignorando-simplemente-era-la-unica-habitacion-donde-nadie-necesitaba-que-fuera-nada-y-lo-s","status":"publish","type":"post","link":"https:\/\/fmdelpueblo.ar\/?p=51108","title":{"rendered":"\u00abTengo 52 a\u00f1os y finalmente entiendo por qu\u00e9 mi padre pasaba todos los s\u00e1bados en el garaje; no nos estaba ignorando, simplemente era la \u00fanica habitaci\u00f3n donde nadie necesitaba que fuera nada, y lo s\u00e9 porque he empezado a encontrar mi propio camino\u00bb"},"content":{"rendered":"<p>A los 52 a\u00f1os, un padre comprendi\u00f3 una costumbre que durante su adolescencia hab\u00eda interpretado como distancia.Ahora repite, de otra manera, esos momentos de aislamiento que alguna vez crey\u00f3 que significaban otra cosa.<\/p>","protected":false},"excerpt":{"rendered":"<p>A los 52 a\u00f1os, un padre comprendi\u00f3 una costumbre que durante su adolescencia hab\u00eda interpretado como distancia.Ahora repite, de otra manera, esos momentos de aislamiento que alguna vez crey\u00f3 que significaban otra cosa.<\/p>\n","protected":false},"author":0,"featured_media":0,"comment_status":"","ping_status":"","sticky":false,"template":"","format":"standard","meta":{"footnotes":""},"categories":[1],"tags":[],"class_list":["post-51108","post","type-post","status-publish","format-standard","has-post-thumbnail","hentry","category-sin-categoria"],"_links":{"self":[{"href":"https:\/\/fmdelpueblo.ar\/index.php?rest_route=\/wp\/v2\/posts\/51108","targetHints":{"allow":["GET"]}}],"collection":[{"href":"https:\/\/fmdelpueblo.ar\/index.php?rest_route=\/wp\/v2\/posts"}],"about":[{"href":"https:\/\/fmdelpueblo.ar\/index.php?rest_route=\/wp\/v2\/types\/post"}],"replies":[{"embeddable":true,"href":"https:\/\/fmdelpueblo.ar\/index.php?rest_route=%2Fwp%2Fv2%2Fcomments&post=51108"}],"version-history":[{"count":0,"href":"https:\/\/fmdelpueblo.ar\/index.php?rest_route=\/wp\/v2\/posts\/51108\/revisions"}],"wp:attachment":[{"href":"https:\/\/fmdelpueblo.ar\/index.php?rest_route=%2Fwp%2Fv2%2Fmedia&parent=51108"}],"wp:term":[{"taxonomy":"category","embeddable":true,"href":"https:\/\/fmdelpueblo.ar\/index.php?rest_route=%2Fwp%2Fv2%2Fcategories&post=51108"},{"taxonomy":"post_tag","embeddable":true,"href":"https:\/\/fmdelpueblo.ar\/index.php?rest_route=%2Fwp%2Fv2%2Ftags&post=51108"}],"curies":[{"name":"wp","href":"https:\/\/api.w.org\/{rel}","templated":true}]}}