{"id":51105,"date":"2026-09-02T15:09:06","date_gmt":"2026-09-02T18:09:06","guid":{"rendered":"http:\/\/fmdelpueblo.ar\/?p=51105"},"modified":"2026-09-02T15:09:06","modified_gmt":"2026-09-02T18:09:06","slug":"crisis-en-el-pami-renuncio-el-coordinador-general-para-ser-candidato-en-velez-y-el-gobierno-designo-en-su-lugar-a-una-funcionaria-cercana-a-santiago-caputo","status":"publish","type":"post","link":"https:\/\/fmdelpueblo.ar\/?p=51105","title":{"rendered":"Crisis en el PAMI: renunci\u00f3 el coordinador general para ser candidato en V\u00e9lez y el Gobierno design\u00f3 en su lugar a una funcionaria cercana a Santiago Caputo"},"content":{"rendered":"<p>Asume en el cargo Ver\u00f3nica P\u00e9rez, que fue acompa\u00f1ada por el asesor en su presentaci\u00f3n oficial. Reemplaza a Juan Cruz Montero. Tambi\u00e9n se fue la s\u00edndico general Mar\u00eda Florencia Zicavo, funcionaria que investig\u00f3 el rol de Milei en el caso $LIBRA.<\/p>","protected":false},"excerpt":{"rendered":"<p>Asume en el cargo Ver\u00f3nica P\u00e9rez, que fue acompa\u00f1ada por el asesor en su presentaci\u00f3n oficial. Reemplaza a Juan Cruz Montero. Tambi\u00e9n se fue la s\u00edndico general Mar\u00eda Florencia Zicavo, funcionaria que investig\u00f3 el rol de Milei en el caso $LIBRA.<\/p>\n","protected":false},"author":0,"featured_media":0,"comment_status":"","ping_status":"","sticky":false,"template":"","format":"standard","meta":{"footnotes":""},"categories":[1],"tags":[],"class_list":["post-51105","post","type-post","status-publish","format-standard","has-post-thumbnail","hentry","category-sin-categoria"],"_links":{"self":[{"href":"https:\/\/fmdelpueblo.ar\/index.php?rest_route=\/wp\/v2\/posts\/51105","targetHints":{"allow":["GET"]}}],"collection":[{"href":"https:\/\/fmdelpueblo.ar\/index.php?rest_route=\/wp\/v2\/posts"}],"about":[{"href":"https:\/\/fmdelpueblo.ar\/index.php?rest_route=\/wp\/v2\/types\/post"}],"replies":[{"embeddable":true,"href":"https:\/\/fmdelpueblo.ar\/index.php?rest_route=%2Fwp%2Fv2%2Fcomments&post=51105"}],"version-history":[{"count":0,"href":"https:\/\/fmdelpueblo.ar\/index.php?rest_route=\/wp\/v2\/posts\/51105\/revisions"}],"wp:attachment":[{"href":"https:\/\/fmdelpueblo.ar\/index.php?rest_route=%2Fwp%2Fv2%2Fmedia&parent=51105"}],"wp:term":[{"taxonomy":"category","embeddable":true,"href":"https:\/\/fmdelpueblo.ar\/index.php?rest_route=%2Fwp%2Fv2%2Fcategories&post=51105"},{"taxonomy":"post_tag","embeddable":true,"href":"https:\/\/fmdelpueblo.ar\/index.php?rest_route=%2Fwp%2Fv2%2Ftags&post=51105"}],"curies":[{"name":"wp","href":"https:\/\/api.w.org\/{rel}","templated":true}]}}