{"id":51103,"date":"2026-09-02T15:09:04","date_gmt":"2026-09-02T18:09:04","guid":{"rendered":"http:\/\/fmdelpueblo.ar\/?p=51103"},"modified":"2026-09-02T15:09:04","modified_gmt":"2026-09-02T18:09:04","slug":"salma-hayek-actriz-de-60-anos-sobre-la-vejez-si-paralizas-tu-rostro-a-los-20-y-30-anos-no-estas-ejercitando-los-musculos-que-le-dan-fuerza-mi-consejo-es-rie-llora-mueve-tu-rostro","status":"publish","type":"post","link":"https:\/\/fmdelpueblo.ar\/?p=51103","title":{"rendered":"Salma Hayek, actriz de 60 a\u00f1os, sobre la vejez: \u00abSi paralizas tu rostro a los 20 y 30 a\u00f1os, no est\u00e1s ejercitando los m\u00fasculos que le dan fuerza. Mi consejo es: r\u00ede, llora, mueve tu rostro\u00bb"},"content":{"rendered":"<p>Una de las frases m\u00e1s recordadas de la estrella de Hollywood en su cumplea\u00f1os n\u00famero 60. <\/p>","protected":false},"excerpt":{"rendered":"<p>Una de las frases m\u00e1s recordadas de la estrella de Hollywood en su cumplea\u00f1os n\u00famero 60.<\/p>\n","protected":false},"author":0,"featured_media":0,"comment_status":"","ping_status":"","sticky":false,"template":"","format":"standard","meta":{"footnotes":""},"categories":[1],"tags":[],"class_list":["post-51103","post","type-post","status-publish","format-standard","has-post-thumbnail","hentry","category-sin-categoria"],"_links":{"self":[{"href":"https:\/\/fmdelpueblo.ar\/index.php?rest_route=\/wp\/v2\/posts\/51103","targetHints":{"allow":["GET"]}}],"collection":[{"href":"https:\/\/fmdelpueblo.ar\/index.php?rest_route=\/wp\/v2\/posts"}],"about":[{"href":"https:\/\/fmdelpueblo.ar\/index.php?rest_route=\/wp\/v2\/types\/post"}],"replies":[{"embeddable":true,"href":"https:\/\/fmdelpueblo.ar\/index.php?rest_route=%2Fwp%2Fv2%2Fcomments&post=51103"}],"version-history":[{"count":0,"href":"https:\/\/fmdelpueblo.ar\/index.php?rest_route=\/wp\/v2\/posts\/51103\/revisions"}],"wp:attachment":[{"href":"https:\/\/fmdelpueblo.ar\/index.php?rest_route=%2Fwp%2Fv2%2Fmedia&parent=51103"}],"wp:term":[{"taxonomy":"category","embeddable":true,"href":"https:\/\/fmdelpueblo.ar\/index.php?rest_route=%2Fwp%2Fv2%2Fcategories&post=51103"},{"taxonomy":"post_tag","embeddable":true,"href":"https:\/\/fmdelpueblo.ar\/index.php?rest_route=%2Fwp%2Fv2%2Ftags&post=51103"}],"curies":[{"name":"wp","href":"https:\/\/api.w.org\/{rel}","templated":true}]}}