{"id":51099,"date":"2026-09-02T14:09:16","date_gmt":"2026-09-02T17:09:16","guid":{"rendered":"https:\/\/fmdelpueblo.ar\/?p=51099"},"modified":"2026-09-02T14:09:16","modified_gmt":"2026-09-02T17:09:16","slug":"un-hombre-compro-51-000-acres-de-granjas-y-tierras-degradadas-en-florida-gasto-medio-millon-de-dolares-anuales-plantando-pinos-de-hoja-larga-y-decadas-despues-se-convirtio-en-el-mayor-proyecto-de-res","status":"publish","type":"post","link":"https:\/\/fmdelpueblo.ar\/?p=51099","title":{"rendered":"Un hombre compr\u00f3 51.000 acres de granjas y tierras degradadas en Florida, gast\u00f3 medio mill\u00f3n de d\u00f3lares anuales plantando pinos de hoja larga y d\u00e9cadas despu\u00e9s se convirti\u00f3 en el mayor proyecto de restauraci\u00f3n privada al este del r\u00edo Mississippi"},"content":{"rendered":"<p>La propiedad busca recuperar uno de los ecosistemas m\u00e1s importantes del sureste de Estados Unidos.<\/p>","protected":false},"excerpt":{"rendered":"<p>La propiedad busca recuperar uno de los ecosistemas m\u00e1s importantes del sureste de Estados Unidos.<\/p>\n","protected":false},"author":0,"featured_media":0,"comment_status":"","ping_status":"","sticky":false,"template":"","format":"standard","meta":{"footnotes":""},"categories":[1],"tags":[],"class_list":["post-51099","post","type-post","status-publish","format-standard","has-post-thumbnail","hentry","category-sin-categoria"],"_links":{"self":[{"href":"https:\/\/fmdelpueblo.ar\/index.php?rest_route=\/wp\/v2\/posts\/51099","targetHints":{"allow":["GET"]}}],"collection":[{"href":"https:\/\/fmdelpueblo.ar\/index.php?rest_route=\/wp\/v2\/posts"}],"about":[{"href":"https:\/\/fmdelpueblo.ar\/index.php?rest_route=\/wp\/v2\/types\/post"}],"replies":[{"embeddable":true,"href":"https:\/\/fmdelpueblo.ar\/index.php?rest_route=%2Fwp%2Fv2%2Fcomments&post=51099"}],"version-history":[{"count":0,"href":"https:\/\/fmdelpueblo.ar\/index.php?rest_route=\/wp\/v2\/posts\/51099\/revisions"}],"wp:attachment":[{"href":"https:\/\/fmdelpueblo.ar\/index.php?rest_route=%2Fwp%2Fv2%2Fmedia&parent=51099"}],"wp:term":[{"taxonomy":"category","embeddable":true,"href":"https:\/\/fmdelpueblo.ar\/index.php?rest_route=%2Fwp%2Fv2%2Fcategories&post=51099"},{"taxonomy":"post_tag","embeddable":true,"href":"https:\/\/fmdelpueblo.ar\/index.php?rest_route=%2Fwp%2Fv2%2Ftags&post=51099"}],"curies":[{"name":"wp","href":"https:\/\/api.w.org\/{rel}","templated":true}]}}