{"id":51098,"date":"2026-09-02T14:09:16","date_gmt":"2026-09-02T17:09:16","guid":{"rendered":"https:\/\/fmdelpueblo.ar\/?p=51098"},"modified":"2026-09-02T14:09:16","modified_gmt":"2026-09-02T17:09:16","slug":"santi-talledo-blanqueo-a-su-nuevo-novio-y-sorprendio-con-una-confesion-me-costaba-verme-con-alguien-estaba-negado","status":"publish","type":"post","link":"https:\/\/fmdelpueblo.ar\/?p=51098","title":{"rendered":"Santi Talledo blanque\u00f3 a su nuevo novio y sorprendi\u00f3 con una confesi\u00f3n: \u00abMe costaba verme con alguien, estaba negado\u00bb"},"content":{"rendered":"<p>El integrante de Luzu TV present\u00f3 a su pareja.Qui\u00e9n es el tiktoker que lo conquist\u00f3. <\/p>","protected":false},"excerpt":{"rendered":"<p>El integrante de Luzu TV present\u00f3 a su pareja.Qui\u00e9n es el tiktoker que lo conquist\u00f3.<\/p>\n","protected":false},"author":0,"featured_media":0,"comment_status":"","ping_status":"","sticky":false,"template":"","format":"standard","meta":{"footnotes":""},"categories":[1],"tags":[],"class_list":["post-51098","post","type-post","status-publish","format-standard","has-post-thumbnail","hentry","category-sin-categoria"],"_links":{"self":[{"href":"https:\/\/fmdelpueblo.ar\/index.php?rest_route=\/wp\/v2\/posts\/51098","targetHints":{"allow":["GET"]}}],"collection":[{"href":"https:\/\/fmdelpueblo.ar\/index.php?rest_route=\/wp\/v2\/posts"}],"about":[{"href":"https:\/\/fmdelpueblo.ar\/index.php?rest_route=\/wp\/v2\/types\/post"}],"replies":[{"embeddable":true,"href":"https:\/\/fmdelpueblo.ar\/index.php?rest_route=%2Fwp%2Fv2%2Fcomments&post=51098"}],"version-history":[{"count":0,"href":"https:\/\/fmdelpueblo.ar\/index.php?rest_route=\/wp\/v2\/posts\/51098\/revisions"}],"wp:attachment":[{"href":"https:\/\/fmdelpueblo.ar\/index.php?rest_route=%2Fwp%2Fv2%2Fmedia&parent=51098"}],"wp:term":[{"taxonomy":"category","embeddable":true,"href":"https:\/\/fmdelpueblo.ar\/index.php?rest_route=%2Fwp%2Fv2%2Fcategories&post=51098"},{"taxonomy":"post_tag","embeddable":true,"href":"https:\/\/fmdelpueblo.ar\/index.php?rest_route=%2Fwp%2Fv2%2Ftags&post=51098"}],"curies":[{"name":"wp","href":"https:\/\/api.w.org\/{rel}","templated":true}]}}