{"id":51096,"date":"2026-09-02T14:09:14","date_gmt":"2026-09-02T17:09:14","guid":{"rendered":"https:\/\/fmdelpueblo.ar\/?p=51096"},"modified":"2026-09-02T14:09:14","modified_gmt":"2026-09-02T17:09:14","slug":"entre-la-mora-y-las-paso-la-mesa-politica-de-milei-quiere-encauzar-la-agenda-del-congreso-y-espera-resoluciones-del-banco-central","status":"publish","type":"post","link":"https:\/\/fmdelpueblo.ar\/?p=51096","title":{"rendered":"Entre la mora y las PASO: la mesa pol\u00edtica de Milei quiere encauzar la agenda del Congreso y espera resoluciones del Banco Central"},"content":{"rendered":"<p>\u00abEl BCRA tiene que activar\u00bb, reclamaron algunos de los dirigentes m\u00e1s relevantes del oficialismo, pero no destinar\u00e1n recursos p\u00fablicos. Esperan una baja en las tasas y cambios visibles para nuevos pr\u00e9stamos. <\/p>","protected":false},"excerpt":{"rendered":"<p>\u00abEl BCRA tiene que activar\u00bb, reclamaron algunos de los dirigentes m\u00e1s relevantes del oficialismo, pero no destinar\u00e1n recursos p\u00fablicos. Esperan una baja en las tasas y cambios visibles para nuevos pr\u00e9stamos.<\/p>\n","protected":false},"author":0,"featured_media":0,"comment_status":"","ping_status":"","sticky":false,"template":"","format":"standard","meta":{"footnotes":""},"categories":[1],"tags":[],"class_list":["post-51096","post","type-post","status-publish","format-standard","has-post-thumbnail","hentry","category-sin-categoria"],"_links":{"self":[{"href":"https:\/\/fmdelpueblo.ar\/index.php?rest_route=\/wp\/v2\/posts\/51096","targetHints":{"allow":["GET"]}}],"collection":[{"href":"https:\/\/fmdelpueblo.ar\/index.php?rest_route=\/wp\/v2\/posts"}],"about":[{"href":"https:\/\/fmdelpueblo.ar\/index.php?rest_route=\/wp\/v2\/types\/post"}],"replies":[{"embeddable":true,"href":"https:\/\/fmdelpueblo.ar\/index.php?rest_route=%2Fwp%2Fv2%2Fcomments&post=51096"}],"version-history":[{"count":0,"href":"https:\/\/fmdelpueblo.ar\/index.php?rest_route=\/wp\/v2\/posts\/51096\/revisions"}],"wp:attachment":[{"href":"https:\/\/fmdelpueblo.ar\/index.php?rest_route=%2Fwp%2Fv2%2Fmedia&parent=51096"}],"wp:term":[{"taxonomy":"category","embeddable":true,"href":"https:\/\/fmdelpueblo.ar\/index.php?rest_route=%2Fwp%2Fv2%2Fcategories&post=51096"},{"taxonomy":"post_tag","embeddable":true,"href":"https:\/\/fmdelpueblo.ar\/index.php?rest_route=%2Fwp%2Fv2%2Ftags&post=51096"}],"curies":[{"name":"wp","href":"https:\/\/api.w.org\/{rel}","templated":true}]}}