{"id":51095,"date":"2026-09-02T14:09:14","date_gmt":"2026-09-02T17:09:14","guid":{"rendered":"https:\/\/fmdelpueblo.ar\/?p=51095"},"modified":"2026-09-02T14:09:14","modified_gmt":"2026-09-02T17:09:14","slug":"racing-negocia-contrarreloj-por-la-nueva-joya-del-futbol-cordobes-el-conflicto-que-demora-su-llegada","status":"publish","type":"post","link":"https:\/\/fmdelpueblo.ar\/?p=51095","title":{"rendered":"Racing negocia contrarreloj por la nueva joya del f\u00fatbol cordob\u00e9s: el conflicto que demora su llegada"},"content":{"rendered":"<p>Se trata de Leandro C\u00f3rdoba, que llega del Racing de la provincia mediterr\u00e1nea.Viaj\u00f3 a Buenos Aires y hasta se hizo la revisi\u00f3n m\u00e9dica, pero en la Academia cordobesa est\u00e1n furiosos.<\/p>","protected":false},"excerpt":{"rendered":"<p>Se trata de Leandro C\u00f3rdoba, que llega del Racing de la provincia mediterr\u00e1nea.Viaj\u00f3 a Buenos Aires y hasta se hizo la revisi\u00f3n m\u00e9dica, pero en la Academia cordobesa est\u00e1n furiosos.<\/p>\n","protected":false},"author":0,"featured_media":0,"comment_status":"","ping_status":"","sticky":false,"template":"","format":"standard","meta":{"footnotes":""},"categories":[1],"tags":[],"class_list":["post-51095","post","type-post","status-publish","format-standard","has-post-thumbnail","hentry","category-sin-categoria"],"_links":{"self":[{"href":"https:\/\/fmdelpueblo.ar\/index.php?rest_route=\/wp\/v2\/posts\/51095","targetHints":{"allow":["GET"]}}],"collection":[{"href":"https:\/\/fmdelpueblo.ar\/index.php?rest_route=\/wp\/v2\/posts"}],"about":[{"href":"https:\/\/fmdelpueblo.ar\/index.php?rest_route=\/wp\/v2\/types\/post"}],"replies":[{"embeddable":true,"href":"https:\/\/fmdelpueblo.ar\/index.php?rest_route=%2Fwp%2Fv2%2Fcomments&post=51095"}],"version-history":[{"count":0,"href":"https:\/\/fmdelpueblo.ar\/index.php?rest_route=\/wp\/v2\/posts\/51095\/revisions"}],"wp:attachment":[{"href":"https:\/\/fmdelpueblo.ar\/index.php?rest_route=%2Fwp%2Fv2%2Fmedia&parent=51095"}],"wp:term":[{"taxonomy":"category","embeddable":true,"href":"https:\/\/fmdelpueblo.ar\/index.php?rest_route=%2Fwp%2Fv2%2Fcategories&post=51095"},{"taxonomy":"post_tag","embeddable":true,"href":"https:\/\/fmdelpueblo.ar\/index.php?rest_route=%2Fwp%2Fv2%2Ftags&post=51095"}],"curies":[{"name":"wp","href":"https:\/\/api.w.org\/{rel}","templated":true}]}}