{"id":51092,"date":"2026-09-02T14:09:12","date_gmt":"2026-09-02T17:09:12","guid":{"rendered":"https:\/\/fmdelpueblo.ar\/?p=51092"},"modified":"2026-09-02T14:09:12","modified_gmt":"2026-09-02T17:09:12","slug":"secretario-del-ejercito-no-da-razones-por-su-renuncia-el-miercoles-es-su-ultimo-dia-completo","status":"publish","type":"post","link":"https:\/\/fmdelpueblo.ar\/?p=51092","title":{"rendered":"Secretario del Ej\u00e9rcito no da razones por su renuncia, el mi\u00e9rcoles es su \u00faltimo d\u00eda completo"},"content":{"rendered":"<p>El secretario del Ej\u00e9rcito de EE.UU., Dan Driscoll, dejar\u00e1 su cargo tras 18 meses, sin dar razones p\u00fablicas para su salida. Su renuncia llega en un contexto de tensiones con el secretario de Defensa y cambios en la c\u00fapula militar.Driscoll, cercano al vicepresidente, fue clave en la modernizaci\u00f3n militar y en negociaciones internacionales. Su partida deja vacante un puesto crucial mientras EE.UU. reanuda acciones militares en Medio Oriente.<\/p>","protected":false},"excerpt":{"rendered":"<p>El secretario del Ej\u00e9rcito de EE.UU., Dan Driscoll, dejar\u00e1 su cargo tras 18 meses, sin dar razones p\u00fablicas para su salida. Su renuncia llega en un contexto de tensiones con el secretario de Defensa y cambios en la c\u00fapula militar.Driscoll, cercano al vicepresidente, fue clave en la modernizaci\u00f3n militar y en negociaciones internacionales. Su partida [&hellip;]<\/p>\n","protected":false},"author":0,"featured_media":0,"comment_status":"","ping_status":"","sticky":false,"template":"","format":"standard","meta":{"footnotes":""},"categories":[1],"tags":[],"class_list":["post-51092","post","type-post","status-publish","format-standard","has-post-thumbnail","hentry","category-sin-categoria"],"_links":{"self":[{"href":"https:\/\/fmdelpueblo.ar\/index.php?rest_route=\/wp\/v2\/posts\/51092","targetHints":{"allow":["GET"]}}],"collection":[{"href":"https:\/\/fmdelpueblo.ar\/index.php?rest_route=\/wp\/v2\/posts"}],"about":[{"href":"https:\/\/fmdelpueblo.ar\/index.php?rest_route=\/wp\/v2\/types\/post"}],"replies":[{"embeddable":true,"href":"https:\/\/fmdelpueblo.ar\/index.php?rest_route=%2Fwp%2Fv2%2Fcomments&post=51092"}],"version-history":[{"count":0,"href":"https:\/\/fmdelpueblo.ar\/index.php?rest_route=\/wp\/v2\/posts\/51092\/revisions"}],"wp:attachment":[{"href":"https:\/\/fmdelpueblo.ar\/index.php?rest_route=%2Fwp%2Fv2%2Fmedia&parent=51092"}],"wp:term":[{"taxonomy":"category","embeddable":true,"href":"https:\/\/fmdelpueblo.ar\/index.php?rest_route=%2Fwp%2Fv2%2Fcategories&post=51092"},{"taxonomy":"post_tag","embeddable":true,"href":"https:\/\/fmdelpueblo.ar\/index.php?rest_route=%2Fwp%2Fv2%2Ftags&post=51092"}],"curies":[{"name":"wp","href":"https:\/\/api.w.org\/{rel}","templated":true}]}}