{"id":51072,"date":"2026-09-02T11:08:59","date_gmt":"2026-09-02T14:08:59","guid":{"rendered":"http:\/\/fmdelpueblo.ar\/?p=51072"},"modified":"2026-09-02T11:08:59","modified_gmt":"2026-09-02T14:08:59","slug":"vota-en-la-encuesta-quien-deberia-usar-la-camiseta-10-de-la-seleccion-argentina-tras-el-retiro-de-lionel-messi","status":"publish","type":"post","link":"https:\/\/fmdelpueblo.ar\/?p=51072","title":{"rendered":"Vot\u00e1 en la encuesta: \u00bfqui\u00e9n deber\u00eda usar la camiseta 10 de la Selecci\u00f3n Argentina tras el retiro de Lionel Messi?"},"content":{"rendered":"<p>El astro rosarino anunci\u00f3 el final de su carrera con la Albiceleste tras m\u00e1s de dos d\u00e9cadas.El pr\u00f3ximo partido ser\u00e1 el primero despu\u00e9s de una era inolvidable, gozando al mejor del mundo.Y el desaf\u00edo de Lionel Scaloni ser\u00e1 decidir qui\u00e9n cargar\u00e1 con semejante responsabilidad.<\/p>","protected":false},"excerpt":{"rendered":"<p>El astro rosarino anunci\u00f3 el final de su carrera con la Albiceleste tras m\u00e1s de dos d\u00e9cadas.El pr\u00f3ximo partido ser\u00e1 el primero despu\u00e9s de una era inolvidable, gozando al mejor del mundo.Y el desaf\u00edo de Lionel Scaloni ser\u00e1 decidir qui\u00e9n cargar\u00e1 con semejante responsabilidad.<\/p>\n","protected":false},"author":0,"featured_media":0,"comment_status":"","ping_status":"","sticky":false,"template":"","format":"standard","meta":{"footnotes":""},"categories":[1],"tags":[],"class_list":["post-51072","post","type-post","status-publish","format-standard","has-post-thumbnail","hentry","category-sin-categoria"],"_links":{"self":[{"href":"https:\/\/fmdelpueblo.ar\/index.php?rest_route=\/wp\/v2\/posts\/51072","targetHints":{"allow":["GET"]}}],"collection":[{"href":"https:\/\/fmdelpueblo.ar\/index.php?rest_route=\/wp\/v2\/posts"}],"about":[{"href":"https:\/\/fmdelpueblo.ar\/index.php?rest_route=\/wp\/v2\/types\/post"}],"replies":[{"embeddable":true,"href":"https:\/\/fmdelpueblo.ar\/index.php?rest_route=%2Fwp%2Fv2%2Fcomments&post=51072"}],"version-history":[{"count":0,"href":"https:\/\/fmdelpueblo.ar\/index.php?rest_route=\/wp\/v2\/posts\/51072\/revisions"}],"wp:attachment":[{"href":"https:\/\/fmdelpueblo.ar\/index.php?rest_route=%2Fwp%2Fv2%2Fmedia&parent=51072"}],"wp:term":[{"taxonomy":"category","embeddable":true,"href":"https:\/\/fmdelpueblo.ar\/index.php?rest_route=%2Fwp%2Fv2%2Fcategories&post=51072"},{"taxonomy":"post_tag","embeddable":true,"href":"https:\/\/fmdelpueblo.ar\/index.php?rest_route=%2Fwp%2Fv2%2Ftags&post=51072"}],"curies":[{"name":"wp","href":"https:\/\/api.w.org\/{rel}","templated":true}]}}