{"id":51070,"date":"2026-09-02T11:08:58","date_gmt":"2026-09-02T14:08:58","guid":{"rendered":"http:\/\/fmdelpueblo.ar\/?p=51070"},"modified":"2026-09-02T11:08:58","modified_gmt":"2026-09-02T14:08:58","slug":"las-exportaciones-argentinas-de-proteinas-animales-alcanzaron-el-valor-mas-alto-de-los-ultimos-diez-anos","status":"publish","type":"post","link":"https:\/\/fmdelpueblo.ar\/?p=51070","title":{"rendered":"Las exportaciones argentinas de prote\u00ednas animales alcanzaron el valor m\u00e1s alto de los \u00faltimos diez a\u00f1os"},"content":{"rendered":"<p>Llegaron a US$ 3.464 millones en los primeros siete meses del a\u00f1o.En valor, el complejo bovino creci\u00f3 un 37%; el de ovinos un 87% y el de porcinos, un 111%.<\/p>","protected":false},"excerpt":{"rendered":"<p>Llegaron a US$ 3.464 millones en los primeros siete meses del a\u00f1o.En valor, el complejo bovino creci\u00f3 un 37%; el de ovinos un 87% y el de porcinos, un 111%.<\/p>\n","protected":false},"author":0,"featured_media":0,"comment_status":"","ping_status":"","sticky":false,"template":"","format":"standard","meta":{"footnotes":""},"categories":[1],"tags":[],"class_list":["post-51070","post","type-post","status-publish","format-standard","has-post-thumbnail","hentry","category-sin-categoria"],"_links":{"self":[{"href":"https:\/\/fmdelpueblo.ar\/index.php?rest_route=\/wp\/v2\/posts\/51070","targetHints":{"allow":["GET"]}}],"collection":[{"href":"https:\/\/fmdelpueblo.ar\/index.php?rest_route=\/wp\/v2\/posts"}],"about":[{"href":"https:\/\/fmdelpueblo.ar\/index.php?rest_route=\/wp\/v2\/types\/post"}],"replies":[{"embeddable":true,"href":"https:\/\/fmdelpueblo.ar\/index.php?rest_route=%2Fwp%2Fv2%2Fcomments&post=51070"}],"version-history":[{"count":0,"href":"https:\/\/fmdelpueblo.ar\/index.php?rest_route=\/wp\/v2\/posts\/51070\/revisions"}],"wp:attachment":[{"href":"https:\/\/fmdelpueblo.ar\/index.php?rest_route=%2Fwp%2Fv2%2Fmedia&parent=51070"}],"wp:term":[{"taxonomy":"category","embeddable":true,"href":"https:\/\/fmdelpueblo.ar\/index.php?rest_route=%2Fwp%2Fv2%2Fcategories&post=51070"},{"taxonomy":"post_tag","embeddable":true,"href":"https:\/\/fmdelpueblo.ar\/index.php?rest_route=%2Fwp%2Fv2%2Ftags&post=51070"}],"curies":[{"name":"wp","href":"https:\/\/api.w.org\/{rel}","templated":true}]}}