{"id":51069,"date":"2026-09-02T11:08:57","date_gmt":"2026-09-02T14:08:57","guid":{"rendered":"http:\/\/fmdelpueblo.ar\/?p=51069"},"modified":"2026-09-02T11:08:57","modified_gmt":"2026-09-02T14:08:57","slug":"la-oficina-que-controla-la-tobillera-de-cristina-kirchner-no-puede-establecer-si-bajo-al-departamento-de-la-militante-de-la-campora","status":"publish","type":"post","link":"https:\/\/fmdelpueblo.ar\/?p=51069","title":{"rendered":"La oficina que controla la tobillera de Cristina Kirchner no puede establecer si baj\u00f3 al departamento de la militante de La C\u00e1mpora"},"content":{"rendered":"<p>Por pedido del TOF 2, la Direcci\u00f3n de Asistencia de Personas bajo Vigilancia Electr\u00f3nica inform\u00f3 las limitaciones t\u00e9cnicas del monitoreo.Inform\u00f3 que la expresidenta s\u00f3lo us\u00f3 la terraza tres veces desde que fue autorizada a visitarla.<\/p>","protected":false},"excerpt":{"rendered":"<p>Por pedido del TOF 2, la Direcci\u00f3n de Asistencia de Personas bajo Vigilancia Electr\u00f3nica inform\u00f3 las limitaciones t\u00e9cnicas del monitoreo.Inform\u00f3 que la expresidenta s\u00f3lo us\u00f3 la terraza tres veces desde que fue autorizada a visitarla.<\/p>\n","protected":false},"author":0,"featured_media":0,"comment_status":"","ping_status":"","sticky":false,"template":"","format":"standard","meta":{"footnotes":""},"categories":[1],"tags":[],"class_list":["post-51069","post","type-post","status-publish","format-standard","has-post-thumbnail","hentry","category-sin-categoria"],"_links":{"self":[{"href":"https:\/\/fmdelpueblo.ar\/index.php?rest_route=\/wp\/v2\/posts\/51069","targetHints":{"allow":["GET"]}}],"collection":[{"href":"https:\/\/fmdelpueblo.ar\/index.php?rest_route=\/wp\/v2\/posts"}],"about":[{"href":"https:\/\/fmdelpueblo.ar\/index.php?rest_route=\/wp\/v2\/types\/post"}],"replies":[{"embeddable":true,"href":"https:\/\/fmdelpueblo.ar\/index.php?rest_route=%2Fwp%2Fv2%2Fcomments&post=51069"}],"version-history":[{"count":0,"href":"https:\/\/fmdelpueblo.ar\/index.php?rest_route=\/wp\/v2\/posts\/51069\/revisions"}],"wp:attachment":[{"href":"https:\/\/fmdelpueblo.ar\/index.php?rest_route=%2Fwp%2Fv2%2Fmedia&parent=51069"}],"wp:term":[{"taxonomy":"category","embeddable":true,"href":"https:\/\/fmdelpueblo.ar\/index.php?rest_route=%2Fwp%2Fv2%2Fcategories&post=51069"},{"taxonomy":"post_tag","embeddable":true,"href":"https:\/\/fmdelpueblo.ar\/index.php?rest_route=%2Fwp%2Fv2%2Ftags&post=51069"}],"curies":[{"name":"wp","href":"https:\/\/api.w.org\/{rel}","templated":true}]}}