{"id":51067,"date":"2026-09-02T11:08:56","date_gmt":"2026-09-02T14:08:56","guid":{"rendered":"http:\/\/fmdelpueblo.ar\/?p=51067"},"modified":"2026-09-02T11:08:56","modified_gmt":"2026-09-02T14:08:56","slug":"rating-del-martes-alarma-en-la-tv-abierta-todo-por-debajo-de-los-10-puntos","status":"publish","type":"post","link":"https:\/\/fmdelpueblo.ar\/?p=51067","title":{"rendered":"Rating del martes: alarma en la TV abierta, todo por debajo de los 10 puntos"},"content":{"rendered":"<p>Septiembre arranc\u00f3 con menor encendido que el \u00faltimo d\u00eda de agosto.Sorpresas en el Top Five de los m\u00e1s vistos.Los m\u00e1s vistos de cada canal.<\/p>","protected":false},"excerpt":{"rendered":"<p>Septiembre arranc\u00f3 con menor encendido que el \u00faltimo d\u00eda de agosto.Sorpresas en el Top Five de los m\u00e1s vistos.Los m\u00e1s vistos de cada canal.<\/p>\n","protected":false},"author":0,"featured_media":0,"comment_status":"","ping_status":"","sticky":false,"template":"","format":"standard","meta":{"footnotes":""},"categories":[1],"tags":[],"class_list":["post-51067","post","type-post","status-publish","format-standard","has-post-thumbnail","hentry","category-sin-categoria"],"_links":{"self":[{"href":"https:\/\/fmdelpueblo.ar\/index.php?rest_route=\/wp\/v2\/posts\/51067","targetHints":{"allow":["GET"]}}],"collection":[{"href":"https:\/\/fmdelpueblo.ar\/index.php?rest_route=\/wp\/v2\/posts"}],"about":[{"href":"https:\/\/fmdelpueblo.ar\/index.php?rest_route=\/wp\/v2\/types\/post"}],"replies":[{"embeddable":true,"href":"https:\/\/fmdelpueblo.ar\/index.php?rest_route=%2Fwp%2Fv2%2Fcomments&post=51067"}],"version-history":[{"count":0,"href":"https:\/\/fmdelpueblo.ar\/index.php?rest_route=\/wp\/v2\/posts\/51067\/revisions"}],"wp:attachment":[{"href":"https:\/\/fmdelpueblo.ar\/index.php?rest_route=%2Fwp%2Fv2%2Fmedia&parent=51067"}],"wp:term":[{"taxonomy":"category","embeddable":true,"href":"https:\/\/fmdelpueblo.ar\/index.php?rest_route=%2Fwp%2Fv2%2Fcategories&post=51067"},{"taxonomy":"post_tag","embeddable":true,"href":"https:\/\/fmdelpueblo.ar\/index.php?rest_route=%2Fwp%2Fv2%2Ftags&post=51067"}],"curies":[{"name":"wp","href":"https:\/\/api.w.org\/{rel}","templated":true}]}}