{"id":51050,"date":"2026-09-02T09:09:02","date_gmt":"2026-09-02T12:09:02","guid":{"rendered":"https:\/\/fmdelpueblo.ar\/?p=51050"},"modified":"2026-09-02T09:09:02","modified_gmt":"2026-09-02T12:09:02","slug":"italia-se-esta-despoblando-y-en-2080-tendra-13-millones-de-habitantes-menos","status":"publish","type":"post","link":"https:\/\/fmdelpueblo.ar\/?p=51050","title":{"rendered":"Italia se est\u00e1 despoblando y en 2080 tendr\u00e1 13 millones de habitantes menos"},"content":{"rendered":"<p>En el 2050 habr\u00e1 m\u00e1s parejas sin hijos que aquellas con descendientes.Italia se encamina hacia un futuro de menos habitantes, una poblaci\u00f3n cada vez m\u00e1s envejecida y una ca\u00edda sostenida de los nacimientos.<\/p>","protected":false},"excerpt":{"rendered":"<p>En el 2050 habr\u00e1 m\u00e1s parejas sin hijos que aquellas con descendientes.Italia se encamina hacia un futuro de menos habitantes, una poblaci\u00f3n cada vez m\u00e1s envejecida y una ca\u00edda sostenida de los nacimientos.<\/p>\n","protected":false},"author":0,"featured_media":0,"comment_status":"","ping_status":"","sticky":false,"template":"","format":"standard","meta":{"footnotes":""},"categories":[1],"tags":[],"class_list":["post-51050","post","type-post","status-publish","format-standard","has-post-thumbnail","hentry","category-sin-categoria"],"_links":{"self":[{"href":"https:\/\/fmdelpueblo.ar\/index.php?rest_route=\/wp\/v2\/posts\/51050","targetHints":{"allow":["GET"]}}],"collection":[{"href":"https:\/\/fmdelpueblo.ar\/index.php?rest_route=\/wp\/v2\/posts"}],"about":[{"href":"https:\/\/fmdelpueblo.ar\/index.php?rest_route=\/wp\/v2\/types\/post"}],"replies":[{"embeddable":true,"href":"https:\/\/fmdelpueblo.ar\/index.php?rest_route=%2Fwp%2Fv2%2Fcomments&post=51050"}],"version-history":[{"count":0,"href":"https:\/\/fmdelpueblo.ar\/index.php?rest_route=\/wp\/v2\/posts\/51050\/revisions"}],"wp:attachment":[{"href":"https:\/\/fmdelpueblo.ar\/index.php?rest_route=%2Fwp%2Fv2%2Fmedia&parent=51050"}],"wp:term":[{"taxonomy":"category","embeddable":true,"href":"https:\/\/fmdelpueblo.ar\/index.php?rest_route=%2Fwp%2Fv2%2Fcategories&post=51050"},{"taxonomy":"post_tag","embeddable":true,"href":"https:\/\/fmdelpueblo.ar\/index.php?rest_route=%2Fwp%2Fv2%2Ftags&post=51050"}],"curies":[{"name":"wp","href":"https:\/\/api.w.org\/{rel}","templated":true}]}}