{"id":51049,"date":"2026-09-02T09:09:01","date_gmt":"2026-09-02T12:09:01","guid":{"rendered":"https:\/\/fmdelpueblo.ar\/?p=51049"},"modified":"2026-09-02T09:09:01","modified_gmt":"2026-09-02T12:09:01","slug":"javier-milei-y-sus-medidas-en-vivo-el-presidente-habla-en-una-cumbre-libertaria-antes-de-su-viaje-a-chile","status":"publish","type":"post","link":"https:\/\/fmdelpueblo.ar\/?p=51049","title":{"rendered":"Javier Milei y sus medidas, EN VIVO: el Presidente habla en una cumbre libertaria antes de su viaje a Chile"},"content":{"rendered":"<p>El mandatario cierra este mi\u00e9rcoles el encuentro \u201cVientos de Cambio: Avanza la Libertad en Argentina y las Am\u00e9ricas\u201d.Ma\u00f1ana se encontrar\u00e1 con el presidente Kast y dar\u00e1 una cadena nacional por Malvinas.Todas las novedades, minuto a minuto. <\/p>","protected":false},"excerpt":{"rendered":"<p>El mandatario cierra este mi\u00e9rcoles el encuentro \u201cVientos de Cambio: Avanza la Libertad en Argentina y las Am\u00e9ricas\u201d.Ma\u00f1ana se encontrar\u00e1 con el presidente Kast y dar\u00e1 una cadena nacional por Malvinas.Todas las novedades, minuto a minuto.<\/p>\n","protected":false},"author":0,"featured_media":0,"comment_status":"","ping_status":"","sticky":false,"template":"","format":"standard","meta":{"footnotes":""},"categories":[1],"tags":[],"class_list":["post-51049","post","type-post","status-publish","format-standard","has-post-thumbnail","hentry","category-sin-categoria"],"_links":{"self":[{"href":"https:\/\/fmdelpueblo.ar\/index.php?rest_route=\/wp\/v2\/posts\/51049","targetHints":{"allow":["GET"]}}],"collection":[{"href":"https:\/\/fmdelpueblo.ar\/index.php?rest_route=\/wp\/v2\/posts"}],"about":[{"href":"https:\/\/fmdelpueblo.ar\/index.php?rest_route=\/wp\/v2\/types\/post"}],"replies":[{"embeddable":true,"href":"https:\/\/fmdelpueblo.ar\/index.php?rest_route=%2Fwp%2Fv2%2Fcomments&post=51049"}],"version-history":[{"count":0,"href":"https:\/\/fmdelpueblo.ar\/index.php?rest_route=\/wp\/v2\/posts\/51049\/revisions"}],"wp:attachment":[{"href":"https:\/\/fmdelpueblo.ar\/index.php?rest_route=%2Fwp%2Fv2%2Fmedia&parent=51049"}],"wp:term":[{"taxonomy":"category","embeddable":true,"href":"https:\/\/fmdelpueblo.ar\/index.php?rest_route=%2Fwp%2Fv2%2Fcategories&post=51049"},{"taxonomy":"post_tag","embeddable":true,"href":"https:\/\/fmdelpueblo.ar\/index.php?rest_route=%2Fwp%2Fv2%2Ftags&post=51049"}],"curies":[{"name":"wp","href":"https:\/\/api.w.org\/{rel}","templated":true}]}}