{"id":51046,"date":"2026-09-02T09:08:59","date_gmt":"2026-09-02T12:08:59","guid":{"rendered":"https:\/\/fmdelpueblo.ar\/?p=51046"},"modified":"2026-09-02T09:08:59","modified_gmt":"2026-09-02T12:08:59","slug":"detienen-al-ex-secretario-de-un-juez-federal-que-ordeno-escuchas-ilegales-a-su-esposa-por-creer-que-lo-enganaba","status":"publish","type":"post","link":"https:\/\/fmdelpueblo.ar\/?p=51046","title":{"rendered":"Detienen al ex secretario de un juez federal que orden\u00f3 escuchas ilegales a su esposa por creer que lo enga\u00f1aba"},"content":{"rendered":"<p>Lo hizo con el aval de su jefe, Carlos Soto D\u00e1vila, y puso como argumento que investigaban a una banda narco.Pablo Molina (55) fue condenado a cuatro a\u00f1os de prisi\u00f3n el 29 de julio del a\u00f1o pasado en un juicio oral y p\u00fablico.<\/p>","protected":false},"excerpt":{"rendered":"<p>Lo hizo con el aval de su jefe, Carlos Soto D\u00e1vila, y puso como argumento que investigaban a una banda narco.Pablo Molina (55) fue condenado a cuatro a\u00f1os de prisi\u00f3n el 29 de julio del a\u00f1o pasado en un juicio oral y p\u00fablico.<\/p>\n","protected":false},"author":0,"featured_media":0,"comment_status":"","ping_status":"","sticky":false,"template":"","format":"standard","meta":{"footnotes":""},"categories":[1],"tags":[],"class_list":["post-51046","post","type-post","status-publish","format-standard","has-post-thumbnail","hentry","category-sin-categoria"],"_links":{"self":[{"href":"https:\/\/fmdelpueblo.ar\/index.php?rest_route=\/wp\/v2\/posts\/51046","targetHints":{"allow":["GET"]}}],"collection":[{"href":"https:\/\/fmdelpueblo.ar\/index.php?rest_route=\/wp\/v2\/posts"}],"about":[{"href":"https:\/\/fmdelpueblo.ar\/index.php?rest_route=\/wp\/v2\/types\/post"}],"replies":[{"embeddable":true,"href":"https:\/\/fmdelpueblo.ar\/index.php?rest_route=%2Fwp%2Fv2%2Fcomments&post=51046"}],"version-history":[{"count":0,"href":"https:\/\/fmdelpueblo.ar\/index.php?rest_route=\/wp\/v2\/posts\/51046\/revisions"}],"wp:attachment":[{"href":"https:\/\/fmdelpueblo.ar\/index.php?rest_route=%2Fwp%2Fv2%2Fmedia&parent=51046"}],"wp:term":[{"taxonomy":"category","embeddable":true,"href":"https:\/\/fmdelpueblo.ar\/index.php?rest_route=%2Fwp%2Fv2%2Fcategories&post=51046"},{"taxonomy":"post_tag","embeddable":true,"href":"https:\/\/fmdelpueblo.ar\/index.php?rest_route=%2Fwp%2Fv2%2Ftags&post=51046"}],"curies":[{"name":"wp","href":"https:\/\/api.w.org\/{rel}","templated":true}]}}