{"id":51021,"date":"2026-09-02T06:09:01","date_gmt":"2026-09-02T09:09:01","guid":{"rendered":"http:\/\/fmdelpueblo.ar\/?p=51021"},"modified":"2026-09-02T06:09:01","modified_gmt":"2026-09-02T09:09:01","slug":"virginia-garfia-madre-de-carlos-alcaraz-la-gente-espera-que-sea-como-rafa-que-sea-una-leyenda-pero-no-tiene-que-dejar-que-la-gente-se-meta-en-esa-parte-suya","status":"publish","type":"post","link":"https:\/\/fmdelpueblo.ar\/?p=51021","title":{"rendered":"Virginia Garfia, madre de Carlos Alcaraz: \u00abLa gente espera que sea como Rafa, que sea una leyenda, pero no tiene que dejar que la gente se meta en esa parte suya\u00bb"},"content":{"rendered":"<p>Virginia Garfia habl\u00f3 sobre la presi\u00f3n que enfrenta Carlos Alcaraz y su comparaci\u00f3n con Rafa Nadal. La madre del tenista revel\u00f3 en el documental de Netflix su temor por el futuro de su hijo.<\/p>","protected":false},"excerpt":{"rendered":"<p>Virginia Garfia habl\u00f3 sobre la presi\u00f3n que enfrenta Carlos Alcaraz y su comparaci\u00f3n con Rafa Nadal. La madre del tenista revel\u00f3 en el documental de Netflix su temor por el futuro de su hijo.<\/p>\n","protected":false},"author":0,"featured_media":0,"comment_status":"","ping_status":"","sticky":false,"template":"","format":"standard","meta":{"footnotes":""},"categories":[1],"tags":[],"class_list":["post-51021","post","type-post","status-publish","format-standard","has-post-thumbnail","hentry","category-sin-categoria"],"_links":{"self":[{"href":"https:\/\/fmdelpueblo.ar\/index.php?rest_route=\/wp\/v2\/posts\/51021","targetHints":{"allow":["GET"]}}],"collection":[{"href":"https:\/\/fmdelpueblo.ar\/index.php?rest_route=\/wp\/v2\/posts"}],"about":[{"href":"https:\/\/fmdelpueblo.ar\/index.php?rest_route=\/wp\/v2\/types\/post"}],"replies":[{"embeddable":true,"href":"https:\/\/fmdelpueblo.ar\/index.php?rest_route=%2Fwp%2Fv2%2Fcomments&post=51021"}],"version-history":[{"count":0,"href":"https:\/\/fmdelpueblo.ar\/index.php?rest_route=\/wp\/v2\/posts\/51021\/revisions"}],"wp:attachment":[{"href":"https:\/\/fmdelpueblo.ar\/index.php?rest_route=%2Fwp%2Fv2%2Fmedia&parent=51021"}],"wp:term":[{"taxonomy":"category","embeddable":true,"href":"https:\/\/fmdelpueblo.ar\/index.php?rest_route=%2Fwp%2Fv2%2Fcategories&post=51021"},{"taxonomy":"post_tag","embeddable":true,"href":"https:\/\/fmdelpueblo.ar\/index.php?rest_route=%2Fwp%2Fv2%2Ftags&post=51021"}],"curies":[{"name":"wp","href":"https:\/\/api.w.org\/{rel}","templated":true}]}}