{"id":51017,"date":"2026-09-02T06:08:59","date_gmt":"2026-09-02T09:08:59","guid":{"rendered":"http:\/\/fmdelpueblo.ar\/?p=51017"},"modified":"2026-09-02T06:08:59","modified_gmt":"2026-09-02T09:08:59","slug":"mar-del-plata-fue-a-comprar-milanesas-y-lo-asesino-una-patota-que-lo-acusaba-de-robar-una-bicicleta","status":"publish","type":"post","link":"https:\/\/fmdelpueblo.ar\/?p=51017","title":{"rendered":"Mar del Plata: fue a comprar milanesas y lo asesin\u00f3 una patota que lo acusaba de robar una bicicleta"},"content":{"rendered":"<p>La v\u00edctima ten\u00eda 29 a\u00f1os y recibi\u00f3 un disparo mortal en la espalda. Un amigo que lo acompa\u00f1aba logr\u00f3 escapar de la agresi\u00f3n y manifest\u00f3 que fueron v\u00edctimas de una confusi\u00f3n.<\/p>","protected":false},"excerpt":{"rendered":"<p>La v\u00edctima ten\u00eda 29 a\u00f1os y recibi\u00f3 un disparo mortal en la espalda. Un amigo que lo acompa\u00f1aba logr\u00f3 escapar de la agresi\u00f3n y manifest\u00f3 que fueron v\u00edctimas de una confusi\u00f3n.<\/p>\n","protected":false},"author":0,"featured_media":0,"comment_status":"","ping_status":"","sticky":false,"template":"","format":"standard","meta":{"footnotes":""},"categories":[1],"tags":[],"class_list":["post-51017","post","type-post","status-publish","format-standard","has-post-thumbnail","hentry","category-sin-categoria"],"_links":{"self":[{"href":"https:\/\/fmdelpueblo.ar\/index.php?rest_route=\/wp\/v2\/posts\/51017","targetHints":{"allow":["GET"]}}],"collection":[{"href":"https:\/\/fmdelpueblo.ar\/index.php?rest_route=\/wp\/v2\/posts"}],"about":[{"href":"https:\/\/fmdelpueblo.ar\/index.php?rest_route=\/wp\/v2\/types\/post"}],"replies":[{"embeddable":true,"href":"https:\/\/fmdelpueblo.ar\/index.php?rest_route=%2Fwp%2Fv2%2Fcomments&post=51017"}],"version-history":[{"count":0,"href":"https:\/\/fmdelpueblo.ar\/index.php?rest_route=\/wp\/v2\/posts\/51017\/revisions"}],"wp:attachment":[{"href":"https:\/\/fmdelpueblo.ar\/index.php?rest_route=%2Fwp%2Fv2%2Fmedia&parent=51017"}],"wp:term":[{"taxonomy":"category","embeddable":true,"href":"https:\/\/fmdelpueblo.ar\/index.php?rest_route=%2Fwp%2Fv2%2Fcategories&post=51017"},{"taxonomy":"post_tag","embeddable":true,"href":"https:\/\/fmdelpueblo.ar\/index.php?rest_route=%2Fwp%2Fv2%2Ftags&post=51017"}],"curies":[{"name":"wp","href":"https:\/\/api.w.org\/{rel}","templated":true}]}}