{"id":51011,"date":"2026-09-02T05:08:56","date_gmt":"2026-09-02T08:08:56","guid":{"rendered":"http:\/\/fmdelpueblo.ar\/?p=51011"},"modified":"2026-09-02T05:08:56","modified_gmt":"2026-09-02T08:08:56","slug":"jose-antonio-marina-filosofo-espanol-87-anos-sobre-la-educacion-de-los-hijos-educar-a-alguien-es-uno-de-los-mejores-medios-de-educarse-a-si-mismo-no-se-puede-ayudar-a-crecer-sin-aumentar-la-pro","status":"publish","type":"post","link":"https:\/\/fmdelpueblo.ar\/?p=51011","title":{"rendered":"Jos\u00e9 Antonio Marina, fil\u00f3sofo espa\u00f1ol, 87 a\u00f1os, sobre la educaci\u00f3n de los hijos: \u00abEducar a alguien es uno de los mejores medios de educarse a s\u00ed mismo. No se puede ayudar a crecer sin aumentar la propia estatura\u00bb"},"content":{"rendered":"<p>Para el pedagogo, acompa\u00f1ar el crecimiento de un hijo tambi\u00e9n exige que los adultos revisen su propia manera de actuar.Adem\u00e1s, advierte sobre el impacto que la tecnolog\u00eda puede tener en el desarrollo de nuestras capacidades intelectuales.<\/p>","protected":false},"excerpt":{"rendered":"<p>Para el pedagogo, acompa\u00f1ar el crecimiento de un hijo tambi\u00e9n exige que los adultos revisen su propia manera de actuar.Adem\u00e1s, advierte sobre el impacto que la tecnolog\u00eda puede tener en el desarrollo de nuestras capacidades intelectuales.<\/p>\n","protected":false},"author":0,"featured_media":0,"comment_status":"","ping_status":"","sticky":false,"template":"","format":"standard","meta":{"footnotes":""},"categories":[1],"tags":[],"class_list":["post-51011","post","type-post","status-publish","format-standard","has-post-thumbnail","hentry","category-sin-categoria"],"_links":{"self":[{"href":"https:\/\/fmdelpueblo.ar\/index.php?rest_route=\/wp\/v2\/posts\/51011","targetHints":{"allow":["GET"]}}],"collection":[{"href":"https:\/\/fmdelpueblo.ar\/index.php?rest_route=\/wp\/v2\/posts"}],"about":[{"href":"https:\/\/fmdelpueblo.ar\/index.php?rest_route=\/wp\/v2\/types\/post"}],"replies":[{"embeddable":true,"href":"https:\/\/fmdelpueblo.ar\/index.php?rest_route=%2Fwp%2Fv2%2Fcomments&post=51011"}],"version-history":[{"count":0,"href":"https:\/\/fmdelpueblo.ar\/index.php?rest_route=\/wp\/v2\/posts\/51011\/revisions"}],"wp:attachment":[{"href":"https:\/\/fmdelpueblo.ar\/index.php?rest_route=%2Fwp%2Fv2%2Fmedia&parent=51011"}],"wp:term":[{"taxonomy":"category","embeddable":true,"href":"https:\/\/fmdelpueblo.ar\/index.php?rest_route=%2Fwp%2Fv2%2Fcategories&post=51011"},{"taxonomy":"post_tag","embeddable":true,"href":"https:\/\/fmdelpueblo.ar\/index.php?rest_route=%2Fwp%2Fv2%2Ftags&post=51011"}],"curies":[{"name":"wp","href":"https:\/\/api.w.org\/{rel}","templated":true}]}}