{"id":51010,"date":"2026-09-02T05:08:56","date_gmt":"2026-09-02T08:08:56","guid":{"rendered":"http:\/\/fmdelpueblo.ar\/?p=51010"},"modified":"2026-09-02T05:08:56","modified_gmt":"2026-09-02T08:08:56","slug":"la-reflexion-de-haruki-murakami-escritor-japones-cuando-brotan-esperanzas-el-corazon-se-aprovecha-y-empieza-a-actuar-por-su-cuenta","status":"publish","type":"post","link":"https:\/\/fmdelpueblo.ar\/?p=51010","title":{"rendered":"La reflexi\u00f3n de Haruki Murakami, escritor japon\u00e9s: \u00abCuando brotan esperanzas, el coraz\u00f3n se aprovecha y empieza a actuar por su cuenta\u00bb"},"content":{"rendered":"<p>La frase corresponde a la aclamada novela \u00ab1Q84\u00bb del bestseller asi\u00e1tico.Cu\u00e1l es el riesgo impl\u00edcito de la ilusi\u00f3n, el efecto prisionero de la protecci\u00f3n racional y la vulnerabilidad como salida.<\/p>","protected":false},"excerpt":{"rendered":"<p>La frase corresponde a la aclamada novela \u00ab1Q84\u00bb del bestseller asi\u00e1tico.Cu\u00e1l es el riesgo impl\u00edcito de la ilusi\u00f3n, el efecto prisionero de la protecci\u00f3n racional y la vulnerabilidad como salida.<\/p>\n","protected":false},"author":0,"featured_media":0,"comment_status":"","ping_status":"","sticky":false,"template":"","format":"standard","meta":{"footnotes":""},"categories":[1],"tags":[],"class_list":["post-51010","post","type-post","status-publish","format-standard","has-post-thumbnail","hentry","category-sin-categoria"],"_links":{"self":[{"href":"https:\/\/fmdelpueblo.ar\/index.php?rest_route=\/wp\/v2\/posts\/51010","targetHints":{"allow":["GET"]}}],"collection":[{"href":"https:\/\/fmdelpueblo.ar\/index.php?rest_route=\/wp\/v2\/posts"}],"about":[{"href":"https:\/\/fmdelpueblo.ar\/index.php?rest_route=\/wp\/v2\/types\/post"}],"replies":[{"embeddable":true,"href":"https:\/\/fmdelpueblo.ar\/index.php?rest_route=%2Fwp%2Fv2%2Fcomments&post=51010"}],"version-history":[{"count":0,"href":"https:\/\/fmdelpueblo.ar\/index.php?rest_route=\/wp\/v2\/posts\/51010\/revisions"}],"wp:attachment":[{"href":"https:\/\/fmdelpueblo.ar\/index.php?rest_route=%2Fwp%2Fv2%2Fmedia&parent=51010"}],"wp:term":[{"taxonomy":"category","embeddable":true,"href":"https:\/\/fmdelpueblo.ar\/index.php?rest_route=%2Fwp%2Fv2%2Fcategories&post=51010"},{"taxonomy":"post_tag","embeddable":true,"href":"https:\/\/fmdelpueblo.ar\/index.php?rest_route=%2Fwp%2Fv2%2Ftags&post=51010"}],"curies":[{"name":"wp","href":"https:\/\/api.w.org\/{rel}","templated":true}]}}