{"id":50995,"date":"2026-09-02T02:09:03","date_gmt":"2026-09-02T05:09:03","guid":{"rendered":"https:\/\/fmdelpueblo.ar\/?p=50995"},"modified":"2026-09-02T02:09:03","modified_gmt":"2026-09-02T05:09:03","slug":"salario-minimo-vital-y-movil-el-gobierno-definio-los-nuevos-montos-desde-septiembre-de-2026","status":"publish","type":"post","link":"https:\/\/fmdelpueblo.ar\/?p=50995","title":{"rendered":"Salario M\u00ednimo, Vital y M\u00f3vil: el Gobierno defini\u00f3 los nuevos montos desde septiembre de 2026"},"content":{"rendered":"<p>La decisi\u00f3n se tom\u00f3 despu\u00e9s de que sindicatos y empresarios no lograran alcanzar un acuerdo durante la reuni\u00f3n del Consejo del Salario.  La nueva escala fija aumentos mensuales hasta abril de 2027 y ratifica la f\u00f3rmula utilizada para calcular la prestaci\u00f3n por desempleo.<\/p>","protected":false},"excerpt":{"rendered":"<p>La decisi\u00f3n se tom\u00f3 despu\u00e9s de que sindicatos y empresarios no lograran alcanzar un acuerdo durante la reuni\u00f3n del Consejo del Salario. La nueva escala fija aumentos mensuales hasta abril de 2027 y ratifica la f\u00f3rmula utilizada para calcular la prestaci\u00f3n por desempleo.<\/p>\n","protected":false},"author":0,"featured_media":0,"comment_status":"","ping_status":"","sticky":false,"template":"","format":"standard","meta":{"footnotes":""},"categories":[1],"tags":[],"class_list":["post-50995","post","type-post","status-publish","format-standard","has-post-thumbnail","hentry","category-sin-categoria"],"_links":{"self":[{"href":"https:\/\/fmdelpueblo.ar\/index.php?rest_route=\/wp\/v2\/posts\/50995","targetHints":{"allow":["GET"]}}],"collection":[{"href":"https:\/\/fmdelpueblo.ar\/index.php?rest_route=\/wp\/v2\/posts"}],"about":[{"href":"https:\/\/fmdelpueblo.ar\/index.php?rest_route=\/wp\/v2\/types\/post"}],"replies":[{"embeddable":true,"href":"https:\/\/fmdelpueblo.ar\/index.php?rest_route=%2Fwp%2Fv2%2Fcomments&post=50995"}],"version-history":[{"count":0,"href":"https:\/\/fmdelpueblo.ar\/index.php?rest_route=\/wp\/v2\/posts\/50995\/revisions"}],"wp:attachment":[{"href":"https:\/\/fmdelpueblo.ar\/index.php?rest_route=%2Fwp%2Fv2%2Fmedia&parent=50995"}],"wp:term":[{"taxonomy":"category","embeddable":true,"href":"https:\/\/fmdelpueblo.ar\/index.php?rest_route=%2Fwp%2Fv2%2Fcategories&post=50995"},{"taxonomy":"post_tag","embeddable":true,"href":"https:\/\/fmdelpueblo.ar\/index.php?rest_route=%2Fwp%2Fv2%2Ftags&post=50995"}],"curies":[{"name":"wp","href":"https:\/\/api.w.org\/{rel}","templated":true}]}}