{"id":50927,"date":"2026-09-01T18:10:12","date_gmt":"2026-09-01T21:10:12","guid":{"rendered":"http:\/\/fmdelpueblo.ar\/?p=50927"},"modified":"2026-09-01T18:10:12","modified_gmt":"2026-09-01T21:10:12","slug":"personal-inauguro-en-san-miguel-nuestro-lugar-digital-un-espacio-para-la-formacion-de-docentes-y-estudiantes","status":"publish","type":"post","link":"https:\/\/fmdelpueblo.ar\/?p=50927","title":{"rendered":"Personal inaugur\u00f3 en San Miguel \u00abNuestro Lugar Digital\u00bb, un espacio para la formaci\u00f3n de docentes y estudiantes"},"content":{"rendered":"<p>Est\u00e1 equipado con computadoras, mobiliario y conectividad.Se encuentra en la Usina Tecnol\u00f3gica local, dentro del Colegio M\u00e1ximo.<\/p>","protected":false},"excerpt":{"rendered":"<p>Est\u00e1 equipado con computadoras, mobiliario y conectividad.Se encuentra en la Usina Tecnol\u00f3gica local, dentro del Colegio M\u00e1ximo.<\/p>\n","protected":false},"author":0,"featured_media":0,"comment_status":"","ping_status":"","sticky":false,"template":"","format":"standard","meta":{"footnotes":""},"categories":[1],"tags":[],"class_list":["post-50927","post","type-post","status-publish","format-standard","has-post-thumbnail","hentry","category-sin-categoria"],"_links":{"self":[{"href":"https:\/\/fmdelpueblo.ar\/index.php?rest_route=\/wp\/v2\/posts\/50927","targetHints":{"allow":["GET"]}}],"collection":[{"href":"https:\/\/fmdelpueblo.ar\/index.php?rest_route=\/wp\/v2\/posts"}],"about":[{"href":"https:\/\/fmdelpueblo.ar\/index.php?rest_route=\/wp\/v2\/types\/post"}],"replies":[{"embeddable":true,"href":"https:\/\/fmdelpueblo.ar\/index.php?rest_route=%2Fwp%2Fv2%2Fcomments&post=50927"}],"version-history":[{"count":0,"href":"https:\/\/fmdelpueblo.ar\/index.php?rest_route=\/wp\/v2\/posts\/50927\/revisions"}],"wp:attachment":[{"href":"https:\/\/fmdelpueblo.ar\/index.php?rest_route=%2Fwp%2Fv2%2Fmedia&parent=50927"}],"wp:term":[{"taxonomy":"category","embeddable":true,"href":"https:\/\/fmdelpueblo.ar\/index.php?rest_route=%2Fwp%2Fv2%2Fcategories&post=50927"},{"taxonomy":"post_tag","embeddable":true,"href":"https:\/\/fmdelpueblo.ar\/index.php?rest_route=%2Fwp%2Fv2%2Ftags&post=50927"}],"curies":[{"name":"wp","href":"https:\/\/api.w.org\/{rel}","templated":true}]}}