{"id":50924,"date":"2026-09-01T18:10:10","date_gmt":"2026-09-01T21:10:10","guid":{"rendered":"http:\/\/fmdelpueblo.ar\/?p=50924"},"modified":"2026-09-01T18:10:10","modified_gmt":"2026-09-01T21:10:10","slug":"el-potencial-de-vaca-muerta-fue-protagonista-en-washington-con-empresarios-inversionistas-y-un-hombre-clave-de-donald-trump","status":"publish","type":"post","link":"https:\/\/fmdelpueblo.ar\/?p=50924","title":{"rendered":"El potencial de Vaca Muerta fue protagonista en Washington con  empresarios, inversionistas y un hombre clave de Donald Trump"},"content":{"rendered":"<p>El gobernador de Neuqu\u00e9n, el presidente de YPF, funcionarios argentinos y empresarios expusieron en EE.UU. las oportunidades del sector energ\u00e9tico del pa\u00eds.Al encuentro en la embajada fue Juan Pablo Segura, el hijo de argentinos que es el flamante subsecretario de Estado para Am\u00e9rica latina.<\/p>","protected":false},"excerpt":{"rendered":"<p>El gobernador de Neuqu\u00e9n, el presidente de YPF, funcionarios argentinos y empresarios expusieron en EE.UU. las oportunidades del sector energ\u00e9tico del pa\u00eds.Al encuentro en la embajada fue Juan Pablo Segura, el hijo de argentinos que es el flamante subsecretario de Estado para Am\u00e9rica latina.<\/p>\n","protected":false},"author":0,"featured_media":0,"comment_status":"","ping_status":"","sticky":false,"template":"","format":"standard","meta":{"footnotes":""},"categories":[1],"tags":[],"class_list":["post-50924","post","type-post","status-publish","format-standard","has-post-thumbnail","hentry","category-sin-categoria"],"_links":{"self":[{"href":"https:\/\/fmdelpueblo.ar\/index.php?rest_route=\/wp\/v2\/posts\/50924","targetHints":{"allow":["GET"]}}],"collection":[{"href":"https:\/\/fmdelpueblo.ar\/index.php?rest_route=\/wp\/v2\/posts"}],"about":[{"href":"https:\/\/fmdelpueblo.ar\/index.php?rest_route=\/wp\/v2\/types\/post"}],"replies":[{"embeddable":true,"href":"https:\/\/fmdelpueblo.ar\/index.php?rest_route=%2Fwp%2Fv2%2Fcomments&post=50924"}],"version-history":[{"count":0,"href":"https:\/\/fmdelpueblo.ar\/index.php?rest_route=\/wp\/v2\/posts\/50924\/revisions"}],"wp:attachment":[{"href":"https:\/\/fmdelpueblo.ar\/index.php?rest_route=%2Fwp%2Fv2%2Fmedia&parent=50924"}],"wp:term":[{"taxonomy":"category","embeddable":true,"href":"https:\/\/fmdelpueblo.ar\/index.php?rest_route=%2Fwp%2Fv2%2Fcategories&post=50924"},{"taxonomy":"post_tag","embeddable":true,"href":"https:\/\/fmdelpueblo.ar\/index.php?rest_route=%2Fwp%2Fv2%2Ftags&post=50924"}],"curies":[{"name":"wp","href":"https:\/\/api.w.org\/{rel}","templated":true}]}}