{"id":50923,"date":"2026-09-01T18:10:10","date_gmt":"2026-09-01T21:10:10","guid":{"rendered":"http:\/\/fmdelpueblo.ar\/?p=50923"},"modified":"2026-09-01T18:10:10","modified_gmt":"2026-09-01T21:10:10","slug":"abuso-de-su-hijastra-se-fugo-y-cayo-cuando-fue-a-retirar-un-certificado-de-antecedentes","status":"publish","type":"post","link":"https:\/\/fmdelpueblo.ar\/?p=50923","title":{"rendered":"Abus\u00f3 de su hijastra, se fug\u00f3 y cay\u00f3 cuando fue a retirar un certificado de antecedentes"},"content":{"rendered":"<p>El hombre hab\u00eda sido denunciado por hechos ocurridos entre 2022 y 2023.El abusador era la pareja de la madre. Fue detenido luego de que la investigaci\u00f3n alertara que ir\u00eda al Registro Nacional de Reincidencia Criminal y Estad\u00edstica Carcelaria para buscar su certificado de antecedentes.<\/p>","protected":false},"excerpt":{"rendered":"<p>El hombre hab\u00eda sido denunciado por hechos ocurridos entre 2022 y 2023.El abusador era la pareja de la madre. Fue detenido luego de que la investigaci\u00f3n alertara que ir\u00eda al Registro Nacional de Reincidencia Criminal y Estad\u00edstica Carcelaria para buscar su certificado de antecedentes.<\/p>\n","protected":false},"author":0,"featured_media":0,"comment_status":"","ping_status":"","sticky":false,"template":"","format":"standard","meta":{"footnotes":""},"categories":[1],"tags":[],"class_list":["post-50923","post","type-post","status-publish","format-standard","has-post-thumbnail","hentry","category-sin-categoria"],"_links":{"self":[{"href":"https:\/\/fmdelpueblo.ar\/index.php?rest_route=\/wp\/v2\/posts\/50923","targetHints":{"allow":["GET"]}}],"collection":[{"href":"https:\/\/fmdelpueblo.ar\/index.php?rest_route=\/wp\/v2\/posts"}],"about":[{"href":"https:\/\/fmdelpueblo.ar\/index.php?rest_route=\/wp\/v2\/types\/post"}],"replies":[{"embeddable":true,"href":"https:\/\/fmdelpueblo.ar\/index.php?rest_route=%2Fwp%2Fv2%2Fcomments&post=50923"}],"version-history":[{"count":0,"href":"https:\/\/fmdelpueblo.ar\/index.php?rest_route=\/wp\/v2\/posts\/50923\/revisions"}],"wp:attachment":[{"href":"https:\/\/fmdelpueblo.ar\/index.php?rest_route=%2Fwp%2Fv2%2Fmedia&parent=50923"}],"wp:term":[{"taxonomy":"category","embeddable":true,"href":"https:\/\/fmdelpueblo.ar\/index.php?rest_route=%2Fwp%2Fv2%2Fcategories&post=50923"},{"taxonomy":"post_tag","embeddable":true,"href":"https:\/\/fmdelpueblo.ar\/index.php?rest_route=%2Fwp%2Fv2%2Ftags&post=50923"}],"curies":[{"name":"wp","href":"https:\/\/api.w.org\/{rel}","templated":true}]}}