{"id":50921,"date":"2026-09-01T18:10:08","date_gmt":"2026-09-01T21:10:08","guid":{"rendered":"http:\/\/fmdelpueblo.ar\/?p=50921"},"modified":"2026-09-01T18:10:08","modified_gmt":"2026-09-01T21:10:08","slug":"el-aleph-de-borges-llega-al-teatro-colon-en-un-nuevo-ballet-dirigido-por-julio-bocca","status":"publish","type":"post","link":"https:\/\/fmdelpueblo.ar\/?p=50921","title":{"rendered":"&#8216;El Aleph&#8217; de Borges llega al Teatro Col\u00f3n en un nuevo ballet dirigido por Julio Bocca"},"content":{"rendered":"<p>El Ballet Estable del Teatro Col\u00f3n llevar\u00e1 por primera vez al escenario una creaci\u00f3n inspirada en uno de los cuentos m\u00e1s emblem\u00e1ticos de Jorge Luis Borges. Tendr\u00e1 coreograf\u00eda de Goyo Montero, m\u00fasica original de Gustavo Santaolalla y una propuesta visual de Mariana Tirantte y Eduardo Basualdo.Julio Bocca dirige el proyecto, que tendr\u00e1 a Ricardo Dar\u00edn como narrador.<\/p>","protected":false},"excerpt":{"rendered":"<p>El Ballet Estable del Teatro Col\u00f3n llevar\u00e1 por primera vez al escenario una creaci\u00f3n inspirada en uno de los cuentos m\u00e1s emblem\u00e1ticos de Jorge Luis Borges. Tendr\u00e1 coreograf\u00eda de Goyo Montero, m\u00fasica original de Gustavo Santaolalla y una propuesta visual de Mariana Tirantte y Eduardo Basualdo.Julio Bocca dirige el proyecto, que tendr\u00e1 a Ricardo Dar\u00edn [&hellip;]<\/p>\n","protected":false},"author":0,"featured_media":0,"comment_status":"","ping_status":"","sticky":false,"template":"","format":"standard","meta":{"footnotes":""},"categories":[1],"tags":[],"class_list":["post-50921","post","type-post","status-publish","format-standard","has-post-thumbnail","hentry","category-sin-categoria"],"_links":{"self":[{"href":"https:\/\/fmdelpueblo.ar\/index.php?rest_route=\/wp\/v2\/posts\/50921","targetHints":{"allow":["GET"]}}],"collection":[{"href":"https:\/\/fmdelpueblo.ar\/index.php?rest_route=\/wp\/v2\/posts"}],"about":[{"href":"https:\/\/fmdelpueblo.ar\/index.php?rest_route=\/wp\/v2\/types\/post"}],"replies":[{"embeddable":true,"href":"https:\/\/fmdelpueblo.ar\/index.php?rest_route=%2Fwp%2Fv2%2Fcomments&post=50921"}],"version-history":[{"count":0,"href":"https:\/\/fmdelpueblo.ar\/index.php?rest_route=\/wp\/v2\/posts\/50921\/revisions"}],"wp:attachment":[{"href":"https:\/\/fmdelpueblo.ar\/index.php?rest_route=%2Fwp%2Fv2%2Fmedia&parent=50921"}],"wp:term":[{"taxonomy":"category","embeddable":true,"href":"https:\/\/fmdelpueblo.ar\/index.php?rest_route=%2Fwp%2Fv2%2Fcategories&post=50921"},{"taxonomy":"post_tag","embeddable":true,"href":"https:\/\/fmdelpueblo.ar\/index.php?rest_route=%2Fwp%2Fv2%2Ftags&post=50921"}],"curies":[{"name":"wp","href":"https:\/\/api.w.org\/{rel}","templated":true}]}}