{"id":50919,"date":"2026-09-01T18:10:07","date_gmt":"2026-09-01T21:10:07","guid":{"rendered":"http:\/\/fmdelpueblo.ar\/?p=50919"},"modified":"2026-09-01T18:10:07","modified_gmt":"2026-09-01T21:10:07","slug":"dos-astronautas-concluyen-un-paseo-espacial-con-problemas-de-movilidad-en-un-traje","status":"publish","type":"post","link":"https:\/\/fmdelpueblo.ar\/?p=50919","title":{"rendered":"Dos astronautas concluyen un paseo espacial con problemas de movilidad en un traje"},"content":{"rendered":"<p>Dos astronautas completaron una caminata espacial para instalar un reflector y cambiar una c\u00e1mara, aunque enfrentaron un contratiempo con un traje. La salida, que se extendi\u00f3 por casi siete horas, fue la tercera para Adenot y la s\u00e9ptima para Meir, quien ahora es la tercera astronauta con m\u00e1s caminatas.<\/p>","protected":false},"excerpt":{"rendered":"<p>Dos astronautas completaron una caminata espacial para instalar un reflector y cambiar una c\u00e1mara, aunque enfrentaron un contratiempo con un traje. La salida, que se extendi\u00f3 por casi siete horas, fue la tercera para Adenot y la s\u00e9ptima para Meir, quien ahora es la tercera astronauta con m\u00e1s caminatas.<\/p>\n","protected":false},"author":0,"featured_media":0,"comment_status":"","ping_status":"","sticky":false,"template":"","format":"standard","meta":{"footnotes":""},"categories":[1],"tags":[],"class_list":["post-50919","post","type-post","status-publish","format-standard","has-post-thumbnail","hentry","category-sin-categoria"],"_links":{"self":[{"href":"https:\/\/fmdelpueblo.ar\/index.php?rest_route=\/wp\/v2\/posts\/50919","targetHints":{"allow":["GET"]}}],"collection":[{"href":"https:\/\/fmdelpueblo.ar\/index.php?rest_route=\/wp\/v2\/posts"}],"about":[{"href":"https:\/\/fmdelpueblo.ar\/index.php?rest_route=\/wp\/v2\/types\/post"}],"replies":[{"embeddable":true,"href":"https:\/\/fmdelpueblo.ar\/index.php?rest_route=%2Fwp%2Fv2%2Fcomments&post=50919"}],"version-history":[{"count":0,"href":"https:\/\/fmdelpueblo.ar\/index.php?rest_route=\/wp\/v2\/posts\/50919\/revisions"}],"wp:attachment":[{"href":"https:\/\/fmdelpueblo.ar\/index.php?rest_route=%2Fwp%2Fv2%2Fmedia&parent=50919"}],"wp:term":[{"taxonomy":"category","embeddable":true,"href":"https:\/\/fmdelpueblo.ar\/index.php?rest_route=%2Fwp%2Fv2%2Fcategories&post=50919"},{"taxonomy":"post_tag","embeddable":true,"href":"https:\/\/fmdelpueblo.ar\/index.php?rest_route=%2Fwp%2Fv2%2Ftags&post=50919"}],"curies":[{"name":"wp","href":"https:\/\/api.w.org\/{rel}","templated":true}]}}