{"id":50918,"date":"2026-09-01T18:10:06","date_gmt":"2026-09-01T21:10:06","guid":{"rendered":"http:\/\/fmdelpueblo.ar\/?p=50918"},"modified":"2026-09-01T18:10:06","modified_gmt":"2026-09-01T21:10:06","slug":"mamdani-presenta-un-plan-para-alcanzar-la-equidad-racial-en-nueva-york","status":"publish","type":"post","link":"https:\/\/fmdelpueblo.ar\/?p=50918","title":{"rendered":"Mamdani presenta un plan para alcanzar la equidad racial en Nueva York"},"content":{"rendered":"<p>Nueva York lanza un ambicioso plan para combatir desigualdades raciales, fijando objetivos en vivienda, empleo y justicia para el 2034. El proyecto incluye m\u00e1s de 200 metas, con seguimiento bianual, y busca mejorar salud, educaci\u00f3n y transporte para grupos hist\u00f3ricamente marginados.<\/p>","protected":false},"excerpt":{"rendered":"<p>Nueva York lanza un ambicioso plan para combatir desigualdades raciales, fijando objetivos en vivienda, empleo y justicia para el 2034. El proyecto incluye m\u00e1s de 200 metas, con seguimiento bianual, y busca mejorar salud, educaci\u00f3n y transporte para grupos hist\u00f3ricamente marginados.<\/p>\n","protected":false},"author":0,"featured_media":0,"comment_status":"","ping_status":"","sticky":false,"template":"","format":"standard","meta":{"footnotes":""},"categories":[1],"tags":[],"class_list":["post-50918","post","type-post","status-publish","format-standard","has-post-thumbnail","hentry","category-sin-categoria"],"_links":{"self":[{"href":"https:\/\/fmdelpueblo.ar\/index.php?rest_route=\/wp\/v2\/posts\/50918","targetHints":{"allow":["GET"]}}],"collection":[{"href":"https:\/\/fmdelpueblo.ar\/index.php?rest_route=\/wp\/v2\/posts"}],"about":[{"href":"https:\/\/fmdelpueblo.ar\/index.php?rest_route=\/wp\/v2\/types\/post"}],"replies":[{"embeddable":true,"href":"https:\/\/fmdelpueblo.ar\/index.php?rest_route=%2Fwp%2Fv2%2Fcomments&post=50918"}],"version-history":[{"count":0,"href":"https:\/\/fmdelpueblo.ar\/index.php?rest_route=\/wp\/v2\/posts\/50918\/revisions"}],"wp:attachment":[{"href":"https:\/\/fmdelpueblo.ar\/index.php?rest_route=%2Fwp%2Fv2%2Fmedia&parent=50918"}],"wp:term":[{"taxonomy":"category","embeddable":true,"href":"https:\/\/fmdelpueblo.ar\/index.php?rest_route=%2Fwp%2Fv2%2Fcategories&post=50918"},{"taxonomy":"post_tag","embeddable":true,"href":"https:\/\/fmdelpueblo.ar\/index.php?rest_route=%2Fwp%2Fv2%2Ftags&post=50918"}],"curies":[{"name":"wp","href":"https:\/\/api.w.org\/{rel}","templated":true}]}}