{"id":50917,"date":"2026-09-01T17:09:05","date_gmt":"2026-09-01T20:09:05","guid":{"rendered":"http:\/\/fmdelpueblo.ar\/?p=50917"},"modified":"2026-09-01T17:09:05","modified_gmt":"2026-09-01T20:09:05","slug":"gloria-carra-madre-de-angela-torres-reflexiono-sobre-el-conflicto-de-tini-stoessel-con-sus-padres-y-fue-contundente-soy-incapaz-de-tocarle-un-peso-a-mi-hija","status":"publish","type":"post","link":"https:\/\/fmdelpueblo.ar\/?p=50917","title":{"rendered":"Gloria Carr\u00e1, madre de \u00c1ngela Torres, reflexion\u00f3 sobre el conflicto de Tini Stoessel con sus padres y fue contundente: \u201cSoy incapaz de tocarle un peso a mi hija\u201d"},"content":{"rendered":"<p>La actriz cont\u00f3 c\u00f3mo administr\u00f3 las ganancias de su hija cuando era menor de edad y explic\u00f3 qu\u00e9 hizo con el dinero.Tambi\u00e9n se refiri\u00f3 al enfrentamiento de la familia Stoessel.<\/p>","protected":false},"excerpt":{"rendered":"<p>La actriz cont\u00f3 c\u00f3mo administr\u00f3 las ganancias de su hija cuando era menor de edad y explic\u00f3 qu\u00e9 hizo con el dinero.Tambi\u00e9n se refiri\u00f3 al enfrentamiento de la familia Stoessel.<\/p>\n","protected":false},"author":0,"featured_media":0,"comment_status":"","ping_status":"","sticky":false,"template":"","format":"standard","meta":{"footnotes":""},"categories":[1],"tags":[],"class_list":["post-50917","post","type-post","status-publish","format-standard","has-post-thumbnail","hentry","category-sin-categoria"],"_links":{"self":[{"href":"https:\/\/fmdelpueblo.ar\/index.php?rest_route=\/wp\/v2\/posts\/50917","targetHints":{"allow":["GET"]}}],"collection":[{"href":"https:\/\/fmdelpueblo.ar\/index.php?rest_route=\/wp\/v2\/posts"}],"about":[{"href":"https:\/\/fmdelpueblo.ar\/index.php?rest_route=\/wp\/v2\/types\/post"}],"replies":[{"embeddable":true,"href":"https:\/\/fmdelpueblo.ar\/index.php?rest_route=%2Fwp%2Fv2%2Fcomments&post=50917"}],"version-history":[{"count":0,"href":"https:\/\/fmdelpueblo.ar\/index.php?rest_route=\/wp\/v2\/posts\/50917\/revisions"}],"wp:attachment":[{"href":"https:\/\/fmdelpueblo.ar\/index.php?rest_route=%2Fwp%2Fv2%2Fmedia&parent=50917"}],"wp:term":[{"taxonomy":"category","embeddable":true,"href":"https:\/\/fmdelpueblo.ar\/index.php?rest_route=%2Fwp%2Fv2%2Fcategories&post=50917"},{"taxonomy":"post_tag","embeddable":true,"href":"https:\/\/fmdelpueblo.ar\/index.php?rest_route=%2Fwp%2Fv2%2Ftags&post=50917"}],"curies":[{"name":"wp","href":"https:\/\/api.w.org\/{rel}","templated":true}]}}