{"id":50911,"date":"2026-09-01T17:09:00","date_gmt":"2026-09-01T20:09:00","guid":{"rendered":"http:\/\/fmdelpueblo.ar\/?p=50911"},"modified":"2026-09-01T17:09:00","modified_gmt":"2026-09-01T20:09:00","slug":"iran-dispara-misiles-y-drones-en-respuesta-a-ataques-estadounidenses","status":"publish","type":"post","link":"https:\/\/fmdelpueblo.ar\/?p=50911","title":{"rendered":"Ir\u00e1n dispara misiles y drones en respuesta a ataques estadounidenses"},"content":{"rendered":"<p>Ir\u00e1n lanza misiles y drones tras ataques de EE.UU., reavivando un conflicto que ha sacudido el mercado petrolero y tensado la pol\u00edtica global.El estrecho de Ormuz sigue siendo foco de tensi\u00f3n, con ambas naciones buscando control en una regi\u00f3n vital para el comercio de crudo.<\/p>","protected":false},"excerpt":{"rendered":"<p>Ir\u00e1n lanza misiles y drones tras ataques de EE.UU., reavivando un conflicto que ha sacudido el mercado petrolero y tensado la pol\u00edtica global.El estrecho de Ormuz sigue siendo foco de tensi\u00f3n, con ambas naciones buscando control en una regi\u00f3n vital para el comercio de crudo.<\/p>\n","protected":false},"author":0,"featured_media":0,"comment_status":"","ping_status":"","sticky":false,"template":"","format":"standard","meta":{"footnotes":""},"categories":[1],"tags":[],"class_list":["post-50911","post","type-post","status-publish","format-standard","has-post-thumbnail","hentry","category-sin-categoria"],"_links":{"self":[{"href":"https:\/\/fmdelpueblo.ar\/index.php?rest_route=\/wp\/v2\/posts\/50911","targetHints":{"allow":["GET"]}}],"collection":[{"href":"https:\/\/fmdelpueblo.ar\/index.php?rest_route=\/wp\/v2\/posts"}],"about":[{"href":"https:\/\/fmdelpueblo.ar\/index.php?rest_route=\/wp\/v2\/types\/post"}],"replies":[{"embeddable":true,"href":"https:\/\/fmdelpueblo.ar\/index.php?rest_route=%2Fwp%2Fv2%2Fcomments&post=50911"}],"version-history":[{"count":0,"href":"https:\/\/fmdelpueblo.ar\/index.php?rest_route=\/wp\/v2\/posts\/50911\/revisions"}],"wp:attachment":[{"href":"https:\/\/fmdelpueblo.ar\/index.php?rest_route=%2Fwp%2Fv2%2Fmedia&parent=50911"}],"wp:term":[{"taxonomy":"category","embeddable":true,"href":"https:\/\/fmdelpueblo.ar\/index.php?rest_route=%2Fwp%2Fv2%2Fcategories&post=50911"},{"taxonomy":"post_tag","embeddable":true,"href":"https:\/\/fmdelpueblo.ar\/index.php?rest_route=%2Fwp%2Fv2%2Ftags&post=50911"}],"curies":[{"name":"wp","href":"https:\/\/api.w.org\/{rel}","templated":true}]}}